{"id":9325,"date":"2026-01-30T13:37:01","date_gmt":"2026-01-30T12:37:01","guid":{"rendered":"https:\/\/lion-environnement.org\/?p=9325"},"modified":"2026-03-16T14:25:21","modified_gmt":"2026-03-16T13:25:21","slug":"elections-municipales-questionnaire-de-lion-environnement-aux-listes-candidates","status":"publish","type":"post","link":"https:\/\/lion-environnement.org\/index.php\/2026\/01\/30\/elections-municipales-questionnaire-de-lion-environnement-aux-listes-candidates\/","title":{"rendered":"\u00c9lections municipales : Questionnaire de Lion Environnement aux listes candidates. Leurs r\u00e9ponses respectives \u00e0 la suite."},"content":{"rendered":"\n<p><em>Ce questionnaire a \u00e9t\u00e9 valid\u00e9 par le Conseil d\u2019Administration de Lion Environnement.<\/em><\/p>\n\n\n\n<p><em>Il vise \u00e0 recueillir, au-del\u00e0 des intentions, les actions que votre liste souhaite engager dans le cadre communal ou supra local dans le cas o\u00f9 les comp\u00e9tences y sont transf\u00e9r\u00e9es (Caen la mer ou syndicats dont la commune est adh\u00e9rente). Les r\u00e9ponses \u00e0 ce questionnaire seront transmises aux adh\u00e9rent(e)s de Lion Environnement et seront plac\u00e9es sur le site internet.<\/em><\/p>\n\n\n\n<p>Nom de la liste :<\/p>\n\n\n\n<p>Nom de la t\u00eate de liste :<\/p>\n\n\n\n<p>Merci de r\u00e9pondre dans l\u2019espace pr\u00e9vu \u00e0 cet effet dans le questionnaire sans restriction de longueur.<\/p>\n\n\n\n<h1 class=\"wp-block-heading\">Probl\u00e9matique de l\u2019eau<\/h1>\n\n\n\n<p>Les analyses de l\u2019eau potable distribu\u00e9e \u00e0 Lion-sur-mer montrent une contamination r\u00e9currente de m\u00e9tabolites de pesticides agricoles : les derni\u00e8res analyses sont non conformes sur ce point avec 4 m\u00e9tabolites identifi\u00e9s dont 1 d\u00e9passe largement la valeur plafond autoris\u00e9e : 2,43 microgramme\/l pour le chlorothalonil qui ne devrait pas d\u00e9passer les 0,1 microgramme\/l.<\/p>\n\n\n\n<h1 class=\"wp-block-heading\">Quelle strat\u00e9gie de la mairie avec Eau du bassin caennais pour rem\u00e9dier \u00e0 cette pollution chronique ?<\/h1>\n\n\n\n<p><em>R\u00e9ponse :<\/em><\/p>\n\n\n\n<p>La moiti\u00e9 des habitations de Lion-sur-mer ne sont pas conformes en mati\u00e8re d\u2019assainissement. Ceci g\u00e9n\u00e8re une qualit\u00e9 des eaux de baignade qualifi\u00e9e de \u00ab \u00e0 \u00e9viter \u00bb par l\u2019association Eaux et rivi\u00e8res de Bretagne, les analyses de coliformes f\u00e9caux montrant une augmentation de la charge.<\/p>\n\n\n\n<p>Les travaux de mise en conformit\u00e9 sont obligatoires lors d\u2019une vente. <strong>Quelles actions pr\u00e9voyez- vous pour acc\u00e9l\u00e9rer l\u2019am\u00e9lioration de la qualit\u00e9 des eaux de baignade pour notre cit\u00e9 \u00e0 caract\u00e8re baln\u00e9aire marqu\u00e9 ?<\/strong><\/p>\n\n\n\n<p><em>R\u00e9ponse :<\/em><\/p>\n\n\n\n<h1 class=\"wp-block-heading\">Urbanisme<\/h1>\n\n\n\n<p>Inolya a le projet de cr\u00e9ation d\u2019immeuble en remplacement des maisons individuelles de la rue de la ferme. <strong>Seriez-vous pr\u00eats \u00e0 inciter le bailleur \u00e0 la cr\u00e9ation d\u2019un \u00e9co-quartier ?<\/strong><\/p>\n\n\n\n<p><em>R\u00e9ponse :<br><\/em><\/p>\n\n\n\n<h1 class=\"wp-block-heading\">\u00c9nergie<\/h1>\n\n\n\n<p>Des communes de France d\u00e9veloppent des projets d\u2019\u00e9quipement de b\u00e2timents communaux en panneaux solaires avec \u00e9ventuellement du financement participatif de citoyens :<\/p>\n\n\n\n<p><a href=\"https:\/\/www.ecpdl.fr\/mairies-batiments-communaux-deviennent-supports-photovoltaiques.html\">https:\/\/www.ecpdl.fr\/mairies-batiments-communaux-deviennent-supports-photovoltaiques.html<\/a><\/p>\n\n\n\n<p>\u00c0 titre d\u2019exemple, la soci\u00e9t\u00e9 Enercoop accompagne les collectivit\u00e9s et les habitants dans de tels projets (voir documents joints). <strong>Seriez-vous pr\u00eats \u00e0 vous engager dans une r\u00e9flexion sur une telle d\u00e9marche \u00e0 Lion-sur-mer ?<\/strong><\/p>\n\n\n\n<p><em>R\u00e9ponse :<\/em><\/p>\n\n\n\n<h1 class=\"wp-block-heading\">Alimentation<\/h1>\n\n\n\n<p><strong>La contamination des aliments est forte et constitue un probl\u00e8me de sant\u00e9 publique : augmentation des cancers p\u00e9diatriques, cancers du pancr\u00e9as\u2026 Les causes en sont connues :<\/strong><\/p>\n\n\n\n<ul class=\"wp-block-list\">\n<li><strong>Le lien entre pesticides et leurs m\u00e9tabolites et cancer est maintenant av\u00e9r\u00e9 ; <\/strong>augmentation des cancers du pancr\u00e9as de 3 %\/an en France avec corr\u00e9lation entre les zones d\u2019agriculture intensive et fr\u00e9quence des cas de cancer.<\/li>\n<\/ul>\n\n\n\n<ul class=\"wp-block-list\">\n<li><strong>PFAS : <\/strong>ces polluants \u00e9ternels contaminent les aliments en particulier le TFAS, le plus petit des PFAS tr\u00e8s utilis\u00e9 en agriculture.<\/li>\n<\/ul>\n\n\n\n<ul class=\"wp-block-list\">\n<li><strong>Cadmium : <\/strong>les Unions r\u00e9gionales des m\u00e9decins lib\u00e9raux ont publi\u00e9 une lettre ouverte, dans laquelle ils rappellent les dangers du cadmium, et surtout l\u2019ampleur de notre contamination. Ils \u00e9voquent <strong>\u00ab une bombe \u00e0 retardement \u00bb <\/strong>en lien avec l\u2019alimentation. Ce m\u00e9tal, pr\u00e9sent naturellement dans les sols, est canc\u00e9rig\u00e8ne, reprotoxique et possiblement mutag\u00e8ne. En particulier, il est fortement suspect\u00e9 de jouer un r\u00f4le dans l\u2019accroissement exponentiel des cancers du pancr\u00e9as. Or, nous y sommes tous expos\u00e9s, <em>\u00ab principalement via l\u2019alimentation, notamment les produits de base comme les c\u00e9r\u00e9ales, pommes de terre, p\u00e2tes, pains et produits de panification \u00bb<\/em>, rappellent les m\u00e9decins. Une fois dans notre organisme, il s\u2019accumule dans le foie et les reins, et sa pr\u00e9sence augmente avec l\u2019\u00e2ge.<\/li>\n<\/ul>\n\n\n\n<p>Depuis 2017, le Haut Conseil de la sant\u00e9 publique conseille de limier l\u2019exposition aux pesticides en consommant des produits bio. <em>\u00ab Si l\u2019on mange moins de pesticides, on a moins de risques de d\u00e9velopper des pathologies \u00bb<\/em>, souligne Laurence Payrastre directrice de recherche \u00e0 l\u2019Institut national de recherche pour l\u2019agriculture, l\u2019alimentation et l\u2019environnement (Inrae). Cette sp\u00e9cialiste des liens entre pesticides et sant\u00e9 redoute en revanche les dangers croissants et encore peu document\u00e9s de l\u2019exposition \u00e0 des cocktails de pesticides.<\/p>\n\n\n\n<p><strong>\u00ab <\/strong>La <strong>loi Egalim <\/strong>vise \u00e0 promouvoir une alimentation <strong>saine, durable et accessible<\/strong>, notamment en augmentant la part de <strong>produits bio et locaux <\/strong>dans la restauration collective, avec des objectifs pr\u00e9cis comme atteindre <strong>50% de produits de qualit\u00e9 <\/strong>d&rsquo;ici 2025 \u00bb<strong>.<\/strong><\/p>\n\n\n\n<p><strong><em>Vu les enjeux sanitaires ci-dessus, Il conviendrait de faire \u00e9voluer l\u2019alimentation collective notamment pour passer \u00e0 davantage de produits bio, les produits \u00ab locaux \u00bb ayant les contaminations de l\u2019agriculture conventionnelle.<\/em><\/strong><strong><em><br><\/em><\/strong><\/p>\n\n\n\n<p>Certaines communes fournissent une alimentation 100 % bio dans la cantine des \u00e9coles (Alizay\/27) ou avec une forte proportion de bio (Saint-Jean le Blanc\/14\u2026) sans augmentation du tarif pour les parents.<\/p>\n\n\n\n<p><strong>Le programme alimentaire territorial (PAT) Caen Normandie m\u00e9tropole <\/strong>pr\u00e9voit dans les fiches actions : <a href=\"https:\/\/polesmetropolitains.fr\/caen-metropole\/projet-alimentaire-territorial\/le-pat-en-cours\/\">https:\/\/polesmetropolitains.fr\/caen-metropole\/projet-alimentaire-territorial\/le-pat-en-cours\/<\/a><\/p>\n\n\n\n<ul class=\"wp-block-list\">\n<li>3.6 am\u00e9lioration de la qualit\u00e9 des produits et des pratiques, notamment vers le bio.<\/li>\n<\/ul>\n\n\n\n<ul class=\"wp-block-list\">\n<li>5.1 l\u2019appui \u00e0 la restructuration de la restauration collective :<\/li>\n<\/ul>\n\n\n\n<p>Il s\u2019agit de \u00ab Favoriser la cr\u00e9ation ou re-cr\u00e9ation de cuisines locales, de taille adapt\u00e9e, permettant la pr\u00e9paration sur place de repas gr\u00e2ce \u00e0 des produits de qualit\u00e9 et de proximit\u00e9 \u00bb concernant les cantines, maison de retraites&#8230;<\/p>\n\n\n\n<p>Seriez-vous dispos\u00e9 \u00e0 initier une d\u00e9marche avec les communes voisines (Lion \u00e0 Ouistreham ? Secteur Caen terre-mer ?) visant \u00e0 :<\/p>\n\n\n\n<ul class=\"wp-block-list\">\n<li>faciliter l\u2019installation, la conversion et le maintien d\u2019exploitations en agriculture biologique ? Notamment sur les p\u00e9rim\u00e8tres de captage.<\/li>\n<\/ul>\n\n\n\n<ul class=\"wp-block-list\">\n<li>mener une r\u00e9flexion sur la cr\u00e9ation d\u2019une cuisine centrale collective avec l\u2019appui de Caen-la-mer.<\/li>\n<\/ul>\n\n\n\n<p><em>R\u00e9ponse :<\/em><\/p>\n\n\n\n<h1 class=\"wp-block-heading\">Biodiversit\u00e9<\/h1>\n\n\n\n<p>La commune est engag\u00e9e sur le programme <em>Territoire engag\u00e9 pour la nature <\/em>jusqu\u2019en 2027. <strong>\u00cates- vous favorable au principe d\u2019un renouvellement de l\u2019engagement au-del\u00e0 de 2027 ?<\/strong><\/p>\n\n\n\n<p><a href=\"https:\/\/www.anbdd.fr\/biodiversite\/collectivites\/territoires-engages-pour-la-nature\">https:\/\/www.anbdd.fr\/biodiversite\/collectivites\/territoires-engages-pour-la-nature<\/a><\/p>\n\n\n\n<p><em>R\u00e9ponse :<\/em><\/p>\n\n\n\n<h1 class=\"wp-block-heading\">\u00c9ducation<\/h1>\n\n\n\n<p>Les membres de votre liste seraient-ils pr\u00eats \u00e0 se former sur les questions environnementales et sociales ?<\/p>\n\n\n\n<p>Exemple de formation destin\u00e9e aux \u00e9lus et agents des collectivit\u00e9s :<\/p>\n\n\n\n<p>L\u2019\u00c9cole du Climat, Climate School,  int\u00e8gre les enjeux de biodiversit\u00e9, des ressources naturelles&#8230;<\/p>\n\n\n\n<p><a href=\"https:\/\/share.google\/zwC54gQLETek8fUdm\">https:\/\/share.google\/zwC54gQLETek8fUdm<\/a> <\/p>\n\n\n\n<p>L\u2019\u00e9ducation \u00e0 l\u2019environnement et \u00e0 l\u2019\u00e9cocitoyennet\u00e9 des jeunes est fondamental au vu de l\u2019\u00e9volution du monde et des d\u00e9gradations observ\u00e9es. <strong>Seriez-vous pr\u00eats \u00e0 accompagner des d\u00e9marches en ce sens et engager des moyens financiers significatifs au niveau scolaire et p\u00e9riscolaire ? Notamment avec le CPIE Vall\u00e9e de l\u2019Orne.<\/strong><\/p>\n\n\n\n<p><em>R\u00e9ponse :<\/em><\/p>\n\n\n\n<h1 class=\"wp-block-heading\">Participation citoyenne<\/h1>\n\n\n\n<p>La participation des citoyens, au-del\u00e0 des obligations l\u00e9gales, aux d\u00e9bats et projets de la commune est n\u00e9cessaire \u00e0 la consolidation de notre d\u00e9mocratie.<\/p>\n\n\n\n<p>Des formations sont adapt\u00e9es aux techniques et outils de coop\u00e9ration : Fert\u00eeles <\/p>\n\n\n\n<p><a href=\"https:\/\/share.google\/ftoXE4yEivxnzzJux\">https:\/\/share.google\/ftoXE4yEivxnzzJux<\/a><\/p>\n\n\n\n<h1 class=\"wp-block-heading\">Comment comptez-vous vous saisir de cette question et seriez-vous pr\u00eats \u00e0 vous former ?<\/h1>\n\n\n\n<p><em>R\u00e9ponse :<\/em><\/p>\n\n\n\n<h1 class=\"wp-block-heading\">Avez-vous d\u2019autres projets en faveur de la transition \u00e9cologique que vous comptez mettre en place et que vous souhaiteriez nous communiquer ?<\/h1>\n\n\n\n<p>Merci pour le temps pass\u00e9 \u00e0 remplir ce questionnaire<\/p>\n\n\n\n\n\n<div class=\"gmail_signature\" dir=\"ltr\" data-smartmail=\"gmail_signature\">\n<div dir=\"ltr\">\n<div>\n<div dir=\"ltr\">\n<div>\n<div dir=\"ltr\">\u00a0<\/div>\n<div dir=\"ltr\"><span style=\"font-family: comic sans ms, sans-serif;\"><span style=\"color: #38761d;\">LION-ENVIRONNEMENT<br \/>Lions nos \u00e9nergies !<\/span><br \/><br \/><span style=\"color: #6aa84f;\">Site internet:\u00a0<a href=\"http:\/\/lion-environnement.org\" target=\"_blank\" rel=\"noopener\">lion-environnement.org\u00a0 \u00a0 \u00a0 \u00a0 \u00a0 \u00a0 \u00a0 \u00a0 \u00a0 \u00a0 \u00a0<\/a><\/span><span style=\"color: #000000;\"><a style=\"color: #000000;\" href=\"http:\/\/lion-environnement.org\" target=\"_blank\" rel=\"noopener\">Page FB : LION ENVIRONNEMENT<\/a><\/span><span style=\"color: #6aa84f;\"><br \/>Contact : <a href=\"mailto:lion.environnement@gmail.com\" target=\"_blank\" rel=\"noopener\">lion.environnement@gmail.com\u00a0 \u00a0 \u00a0 \u00a0 \u00a0 \u00a0 \u00a0<span style=\"color: #000000;\"> INSTA : environnementlion<\/span><\/a><\/span><\/span><\/div>\n<\/div>\n<\/div>\n<\/div>\n<\/div>\n<\/div>\n\n\n\n<p class=\"has-small-font-size\"><br><strong>REPONSES DES DEUX LISTES<\/strong><br><strong>Nom de la liste : AGIR ENSEMBLE POUR LION (4\/03\/2026)<br>Nom de la t\u00eate de liste : Magali SAINT<\/strong><br>Merci de r\u00e9pondre dans l\u2019espace pr\u00e9vu \u00e0 cet effet dans le questionnaire sans restriction de longueur.<br>Probl\u00e9matique de l\u2019eau<br>Les analyses de l\u2019eau potable distribu\u00e9e \u00e0 Lion-sur-mer montrent une contamination r\u00e9currente de m\u00e9tabolites de pesticides agricoles : les derni\u00e8res analyses sont non conformes sur ce point avec 4 m\u00e9tabolites identifi\u00e9s dont 1 d\u00e9passe largement la valeur plafond autoris\u00e9e : 2,43 microgramme\/l pour le chlorothalonil qui ne devrait pas d\u00e9passer les 0,1 microgramme\/l.<br>Quelle strat\u00e9gie de la mairie avec Eau du bassin caennais pour rem\u00e9dier \u00e0 cette pollution chronique ?<br>Particuli\u00e8rement consciente de ce probl\u00e8me majeur, l\u2019\u00e9quipe municipale sortante travaille depuis le d\u00e9but du mandat actuel sur la probl\u00e9matique de l\u2019eau potable. Un conseiller municipal poursuivra le travail qu\u2019il a effectu\u00e9 au sein de la Communaut\u00e9 Urbaine de Caen-la-Mer : participation aux commissions du Cycle de l\u2019eau, aux Comit\u00e9s de pilotage des aires d\u2019alimentation de captage des secteurs Lion-Hermanville et Lion-Luc-Langrune, anim\u00e9s par Eau du Bassin Caennais.<br>Il est important de pr\u00e9ciser que, dans ces diff\u00e9rentes instances, notre commune se distingue par sa repr\u00e9sentation par un \u00e9lu (aucun \u00e9lu des autres communes). Les avanc\u00e9es d\u00e9pendront n\u00e9cessairement d\u2019une mobilisation large et coordonn\u00e9e des \u00e9lus des autres communes concern\u00e9es. Notre strat\u00e9gie consistera donc \u00e0 f\u00e9d\u00e9rer et sensibiliser l\u2019ensemble des \u00e9lus du territoire afin de porter collectivement des mesures plus ambitieuses en mati\u00e8re de protection de la ressource.<br>L\u2019interdiction des pesticides sur les terres des aires d\u2019alimentation de captage est souhaitable mais il convient de garder \u00e0 l\u2019esprit que ces d\u00e9cisions ne peuvent \u00eatre prises que par l\u2019\u00c9tat et les Pr\u00e9fets. Nos \u00e9lus porteront donc cet objectif dans les instances auxquelles ils participeront, tout en oeuvrant \u00e0 convaincre les autres communes de s\u2019y associer, mais les d\u00e9cisions finales ne leur appartiennent pas.<br>Une attention particuli\u00e8re continuera d\u2019\u00eatre port\u00e9e aux analyses de la qualit\u00e9 de l\u2019eau r\u00e9alis\u00e9es chaque mois par l\u2019Agence R\u00e9gionale de Sant\u00e9 sur le forage du Haut Lion qui alimente la commune. Il est important de savoir que la qualit\u00e9 de notre eau potable est moins probl\u00e9matique que dans d\u2019autres communes (pas de PFAS d\u00e9tect\u00e9s, un seul pesticide en d\u00e9passement et nitrates d\u00e9sormais \u00e0 10 mg\/l pour 50 mg\/l autoris\u00e9s).<br>L\u2019eau de la commune d\u00e9passe n\u00e9anmoins les limites de qualit\u00e9 fix\u00e9es par la r\u00e9glementation (classement C : eau de qualit\u00e9 insuffisante) mais cela ne signifie pas qu\u2019elle pr\u00e9sente aujourd\u2019hui un probl\u00e8me pour notre sant\u00e9. Dit autrement sa qualit\u00e9 est d\u00e9grad\u00e9e, il faut donc la \u00ab soigner \u00bb mais elle est potable.<br>2<br>Pour autant, la recherche doit avancer plus vite dans de nombreux domaines, notamment sur les PFAS et les effets cocktails, afin de mieux conna\u00eetre leurs effets sur la sant\u00e9.<br>La duret\u00e9 de l\u2019eau (titre hydrotim\u00e9trique) est sans cons\u00e9quence pour la sant\u00e9 mais peut \u00eatre n\u00e9faste pour les appareils m\u00e9nagers. Particuli\u00e8rement importante dans notre commune, elle est d\u00e9sormais r\u00e9gul\u00e9e par une unit\u00e9 de d\u00e9carbonatation attendue depuis des ann\u00e9es. Les \u00e9lus veillent chaque mois \u00e0 sa bonne efficacit\u00e9.<br>La moiti\u00e9 des habitations de Lion-sur-mer ne sont pas conformes en mati\u00e8re d\u2019assainissement. Ceci g\u00e9n\u00e8re une qualit\u00e9 des eaux de baignade qualifi\u00e9e de \u00ab \u00e0 \u00e9viter \u00bb par l\u2019association Eaux et rivi\u00e8res de Bretagne, les analyses de coliformes f\u00e9caux montrant une augmentation de la charge.<br>Les travaux de mise en conformit\u00e9 sont obligatoires lors d\u2019une vente. Quelles actions pr\u00e9voyez- vous pour acc\u00e9l\u00e9rer l\u2019am\u00e9lioration de la qualit\u00e9 des eaux de baignade pour notre cit\u00e9 \u00e0 caract\u00e8re baln\u00e9aire marqu\u00e9 ?<br>Le constat d\u2019une moiti\u00e9 d\u2019habitations non conformes doit \u00eatre utilis\u00e9 prudemment car une grande partie des non-conformit\u00e9s rel\u00e8ve d\u2019une non-s\u00e9paration des r\u00e9seaux eau pluviale \/ eaux us\u00e9es, qui a pour cons\u00e9quence d\u2019augmenter inutilement (et co\u00fbteusement) le volume d\u2019eau us\u00e9e \u00e0 traiter, mais n\u2019a pas d\u2019impact direct sur la qualit\u00e9 des eaux de baignade.<br>Un travail d\u2019information des propri\u00e9taires concern\u00e9s et de l\u2019ensemble des Lionnais (plusieurs articles dans le bulletin municipal) a \u00e9t\u00e9 effectu\u00e9 lors du dernier mandat. Il a commenc\u00e9 \u00e0 porter ses fruits : les aides financi\u00e8res pour la mise en conformit\u00e9, financ\u00e9es par l\u2019Agence de l\u2019Eau et instruites par Caen-la-Mer, sont de plus en plus nombreuses, signe d\u2019un d\u00e9but de prise de conscience encourageant.<br>Ce travail d\u2019information sera amplifi\u00e9. Nous proposons l\u2019organisation de r\u00e9unions publiques sp\u00e9cifiquement consacr\u00e9es \u00e0 la qualit\u00e9 de l\u2019eau (eau potable et eaux de baignade), permettant de pr\u00e9senter les enjeux, les r\u00e9sultats d\u2019analyses, les responsabilit\u00e9s de chacun et les dispositifs d\u2019aides existants. Une conf\u00e9rence avec des intervenants techniques (Eau du Bassin Caennais, Caen-la-Mer, Agence de l\u2019Eau, services de l\u2019\u00c9tat) pourra \u00e9galement \u00eatre organis\u00e9e afin d\u2019apporter un \u00e9clairage scientifique et r\u00e9glementaire clair aux habitants.<br>Par ailleurs, les \u00e9lus et les services municipaux se tiendront \u00e0 la disposition des propri\u00e9taires pour des rendez-vous individualis\u00e9s afin de les accompagner dans leurs d\u00e9marches de mise en conformit\u00e9. L\u2019objectif est acc\u00e9l\u00e9rer les mises en conformit\u00e9 et de pr\u00e9server durablement la qualit\u00e9 des eaux de baignade, enjeu essentiel pour notre commune \u00e0 fort caract\u00e8re baln\u00e9aire.<br>L\u2019information des propri\u00e9taires continuera donc d\u2019\u00eatre d\u00e9velopp\u00e9e et cibl\u00e9e en priorit\u00e9 sur les maisons qui ne sont pas du tout raccord\u00e9es au r\u00e9seau collectif. Les contr\u00f4les, d\u00e9j\u00e0 tr\u00e8s nombreux (800 \u00e0 ce jour), seront poursuivis. Localis\u00e9s entre les boulevards et la digue, ils seront \u00e9tendus au reste de la commune.<br>Urbanisme<br>Inolya a le projet de cr\u00e9ation d\u2019immeuble en remplacement des maisons individuelles de la rue de la ferme. Seriez-vous pr\u00eats \u00e0 inciter le bailleur \u00e0 la cr\u00e9ation d\u2019un \u00e9co-quartier ?<br>\u00c0 ce jour, le bailleur social INOLYA n\u2019a pas arr\u00eat\u00e9 de projet d\u00e9finitif de remplacement des maisons individuelles de la rue de la Ferme par des immeubles. Les r\u00e9flexions engag\u00e9es portent sur un am\u00e9nagement global du secteur, susceptible de combiner diff\u00e9rentes formes d\u2019habitat (collectif, interm\u00e9diaire et individuel), afin de garantir une densification mesur\u00e9e et coh\u00e9rente avec le tissu urbain existant.<br>3<br>La modification du PLU adopt\u00e9e lors du mandat permet d\u00e9sormais d\u2019envisager un p\u00e9rim\u00e8tre d\u2019am\u00e9nagement \u00e9largi au-del\u00e0 des seuls terrains d\u2019INOLYA. Anticipant les enjeux, la commune a d\u2019ailleurs acquis une parcelle au sein de ce p\u00e9rim\u00e8tre afin de se doter d\u2019un levier concret d\u2019action et de pouvoir peser sur les futures orientations. Sur ce terrain communal, la r\u00e9alisation de logements en Bail R\u00e9el Solidaire (BRS) est \u00e0 l\u2019\u00e9tude, dans une logique d\u2019accession sociale \u00e0 la propri\u00e9t\u00e9 et de mixit\u00e9 durable.<br>Les \u00e9changes men\u00e9s avec INOLYA depuis 2025 s\u2019appuient sur une \u00e9tude d\u2019am\u00e9nagement communale int\u00e9grant des exigences fortes en mati\u00e8re d\u2019insertion paysag\u00e8re, de qualit\u00e9 architecturale et de performance environnementale. Le bailleur s\u2019est montr\u00e9 ouvert \u00e0 ces orientations, et ce dialogue se poursuivra avec la m\u00eame exigence.<br>Si le terme \u00ab \u00e9co-quartier \u00bb est parfois utilis\u00e9 de mani\u00e8re extensive, notre ambition est bien de concevoir un projet exemplaire : sobri\u00e9t\u00e9 fonci\u00e8re, place importante du v\u00e9g\u00e9tal, gestion des eaux pluviales \u00e0 la parcelle, construction bas carbone, adaptation aux enjeux climatiques et qualit\u00e9 des espaces publics.<br>Concr\u00e8tement, plusieurs composantes caract\u00e9ristiques d\u2019un \u00e9co-quartier sont d\u00e9j\u00e0 int\u00e9gr\u00e9es \u00e0 la r\u00e9flexion : diversit\u00e9 des formes d\u2019habitat, \u00e9mergence du BRS, ma\u00eetrise du stationnement pour limiter l\u2019emprise automobile et d\u00e9veloppement des mobilit\u00e9s douces. Ces orientations traduisent une approche globale, \u00e9quilibr\u00e9e et durable de l\u2019am\u00e9nagement.<br>Enfin, nous nous engageons \u00e0 ouvrir une large concertation d\u00e8s les \u00e9lections pass\u00e9es. Nous associerons les riverains et l\u2019ensemble des habitants aux diff\u00e9rentes \u00e9tapes d\u2019\u00e9laboration, dans un esprit de transparence et de co-construction, afin d\u2019aboutir \u00e0 un projet partag\u00e9, respectueux de l\u2019identit\u00e9 de la commune.<br>\u00c9nergie<br>Des communes de France d\u00e9veloppent des projets d\u2019\u00e9quipement de b\u00e2timents communaux en panneaux solaires avec \u00e9ventuellement du financement participatif de citoyens :<br>https:\/\/www.ecpdl.fr\/mairies-batiments-communaux-deviennent-supports-photovoltaiques.html<br>\u00c0 titre d\u2019exemple, la soci\u00e9t\u00e9 Enercoop accompagne les collectivit\u00e9s et les habitants dans de tels projets (voir documents joints). Seriez-vous pr\u00eats \u00e0 vous engager dans une r\u00e9flexion sur une telle d\u00e9marche \u00e0 Lion-sur-mer ?<br>Nous souhaitons effectivement avancer dans ce domaine, en priorit\u00e9 pour les b\u00e2timents communaux susceptibles d\u2019accueillir des installations photovolta\u00efques (salle de sport, salle Trianon, local technique dans le parc de la mairie). Des \u00e9tudes de faisabilit\u00e9 seront lanc\u00e9es rapidement afin d\u2019envisager une r\u00e9alisation au cours du mandat.<br>La participation des citoyens au d\u00e9veloppement de l\u2019\u00e9nergie photovolta\u00efque constitue \u00e9galement une piste particuli\u00e8rement int\u00e9ressante, notamment sous forme de projets d\u2019autoconsommation collective ou de production locale d\u2019\u00e9nergie renouvelable. Nous travaillerons \u00e0 faire \u00e9merger ce type de d\u00e9marche \u00e0 l\u2019\u00e9chelle communale, en veillant \u00e0 sa viabilit\u00e9 technique, juridique et financi\u00e8re.<br>Dans cette perspective, la commune pourra s\u2019appuyer non seulement sur des acteurs coop\u00e9ratifs comme Enercoop, mais \u00e9galement sur le SDEC, syndicat d\u00e9partemental d\u2019\u00e9nergie du Calvados, qui accompagne les collectivit\u00e9s dans la transition \u00e9nerg\u00e9tique. Le SDEC propose un appui technique aux communes : \u00e9tudes de potentiel photovolta\u00efque, accompagnement \u00e0 la mise en place de projets d\u2019autoconsommation individuelle ou collective, conseil en efficacit\u00e9 \u00e9nerg\u00e9tique et en d\u00e9veloppement des \u00e9nergies renouvelables. Cet accompagnement public constitue un levier important pour s\u00e9curiser les projets et optimiser leur montage.<br>4<br>Notre objectif est donc d\u2019engager une r\u00e9flexion structur\u00e9e, associant partenaires institutionnels et habitants, afin de d\u00e9velopper \u00e0 Lion-sur-Mer l\u2019autoconsommation d\u2019\u00e9nergie, durable et ma\u00eetris\u00e9e, contribuant \u00e0 la transition \u00e9nerg\u00e9tique du territoire.<br>Cette r\u00e9flexion sera d\u2019autant favoris\u00e9e que nous comptons d\u00e9sormais un sp\u00e9cialiste de ces sujets au sein de notre \u00e9quipe.<br>Alimentation<br>La contamination des aliments est forte et constitue un probl\u00e8me de sant\u00e9 publique : augmentation des cancers p\u00e9diatriques, cancers du pancr\u00e9as\u2026 Les causes en sont connues :<br>Seriez-vous dispos\u00e9 \u00e0 initier une d\u00e9marche avec les communes voisines (Lion \u00e0 Ouistreham ? Secteur Caen terre-mer ?) visant \u00e0 : faciliter l\u2019installation, la conversion et le maintien d\u2019exploitations en agriculture biologique ? Notamment sur les p\u00e9rim\u00e8tres de captage, mener une r\u00e9flexion sur la cr\u00e9ation d\u2019une cuisine centrale collective avec l\u2019appui de Caen-la-mer.<br>La question de la qualit\u00e9 de l\u2019alimentation constitue un v\u00e9ritable enjeu de sant\u00e9 publique. La progression de certaines pathologies, notamment les cancers p\u00e9diatriques ou du pancr\u00e9as, interroge sur l\u2019exposition cumulative aux polluants environnementaux et alimentaires. Les causes sont multiples et connues, mais les leviers d\u2019action sont complexes car ils d\u00e9passent largement le cadre d\u2019une seule commune.<br>Ce sujet est intrins\u00e8quement li\u00e9 \u00e0 la protection des aires d\u2019alimentation de captage de l\u2019eau potable. Il met en jeu de nombreux acteurs : agriculteurs, intercommunalit\u00e9, agences de l\u2019eau, services de l\u2019\u00c9tat, fili\u00e8res de transformation, restauration collective. \u00c0 lui seul, le niveau communal ne peut suffire.<br>Pour autant, nous entendons pleinement prendre notre part.<br>Nous sommes dispos\u00e9s \u00e0 engager une d\u00e9marche avec les communes voisines \u2014 de Lion \u00e0 Ouistreham et plus largement \u00e0 l\u2019\u00e9chelle de Caen-la-Mer et du secteur Coeur de Nacre \u2014 afin de favoriser l\u2019installation, la conversion et le maintien d\u2019exploitations en agriculture biologique, en particulier sur les p\u00e9rim\u00e8tres de captage o\u00f9 l\u2019enjeu environnemental est majeur. Une dynamique intercommunale est indispensable pour donner de la coh\u00e9rence et de la solidit\u00e9 \u00e0 cette orientation.<br>Nous sommes \u00e9galement favorables \u00e0 l\u2019ouverture d\u2019une r\u00e9flexion sur la cr\u00e9ation d\u2019une cuisine centrale ou d\u2019un outil de restauration collective partag\u00e9. Un tel \u00e9quipement pourrait constituer un levier structurant pour soutenir les fili\u00e8res locales et biologiques, s\u00e9curiser les d\u00e9bouch\u00e9s pour les producteurs et am\u00e9liorer encore la qualit\u00e9 des repas servis aux enfants a minima. Les r\u00e9flexions pourront s\u2019\u00e9largir au d\u00e9veloppement de portage de repas de qualit\u00e9 \u00e0 nos ain\u00e9s.<br>Concr\u00e8tement, nous constituerons un groupe de travail charg\u00e9 d\u2019\u00e9tudier la faisabilit\u00e9 de ces d\u00e9marches et prendrons l\u2019attache des communes et associations voisines \u2014 notamment celles de la communaut\u00e9 de communes Coeur de Nacre qui ont d\u00e9j\u00e0 engag\u00e9 une r\u00e9flexion en ce sens \u2014 afin de mutualiser les exp\u00e9riences.<br>D\u00e8s le d\u00e9but du prochain mandat, nous associerons les parents d\u2019\u00e9l\u00e8ves, les agents communaux, les \u00e9lus et l\u2019association Lion Environnement afin d\u2019augmenter progressivement et de mani\u00e8re r\u00e9aliste la part de produits biologiques et locaux dans les repas scolaires.<br>5<br>Biodiversit\u00e9<br>La commune est engag\u00e9e sur le programme Territoire engag\u00e9 pour la nature jusqu\u2019en 2027. \u00cates-vous favorable au principe d\u2019un renouvellement de l\u2019engagement au-del\u00e0 de 2027 ?<br>https:\/\/www.anbdd.fr\/biodiversite\/collectivites\/territoires-engages-pour-la-nature\/<br>Bien s\u00fbr, nous continuerons au-del\u00e0 de 2027 \u00e0 renforcer ce dispositif partenarial qui a fait ses preuves.<br>\u00c9ducation<br>Les membres de votre liste seraient-ils pr\u00eats \u00e0 se former sur les questions environnementales et sociales ?<br>Exemple de formation destin\u00e9e aux \u00e9lus et agents des collectivit\u00e9s :<br>L\u2019\u00c9cole du Climat | Climate School https:\/\/share.google\/zwC54gQLETek8fUdm<br>int\u00e8gre les enjeux de biodiversit\u00e9, des ressources naturelles\u2026<br>L\u2019\u00e9ducation \u00e0 l\u2019environnement et \u00e0 l\u2019\u00e9co-citoyennet\u00e9 des jeunes est fondamental au vu de l\u2019\u00e9volution du monde et des d\u00e9gradations observ\u00e9es. Seriez-vous pr\u00eats \u00e0 accompagner des d\u00e9marches en ce sens et engager des moyens financiers significatifs au niveau scolaire et p\u00e9riscolaire ? Notamment avec le CPIE Vall\u00e9e de l\u2019Orne.<br>R\u00e9ponse :<br>Nous sommes tout \u00e0 fait favorables \u00e0 nous former plus encore sur les questions environnementales et sociales.<br>L\u2019\u00e9ducation \u00e0 l\u2019environnement et \u00e0 l\u2019\u00e9co-citoyennet\u00e9 des jeunes est en effet fondamentale. Elle ne rel\u00e8ve pas de l\u2019affichage, mais d\u2019un engagement concret et d\u00e9j\u00e0 ancien de la commune.<br>De nombreuses actions ont \u00e9t\u00e9 accompagn\u00e9es au cours du mandat : sur votre initiative, r\u00e9alisation d\u2019une Fresque du Climat avec le Conseil Municipal des Jeunes, plantation d\u2019arbres fruitiers avec les \u00e9l\u00e8ves de maternelle, installation de bacs \u00e0 mar\u00e9es en partenariat avec le CPIE Vall\u00e9e de l\u2019Orne, Lion environnement, la municipalit\u00e9 et l\u2019ITEP de Baron-sur-Odon, ou encore le parrainage des arbres rue Fran\u00e7ois Mitterrand par le CMJ, afin d\u2019impliquer les jeunes dans la v\u00e9g\u00e9talisation et la pr\u00e9servation du cadre de vie.<br>\u00c0 la cantine scolaire, des actions \u00e9ducatives r\u00e9guli\u00e8res et structur\u00e9es sont men\u00e9es depuis 2022 avec l\u2019intervention du SYVEDAC, syndicat en charge du traitement et de la valorisation des d\u00e9chets. Ces interventions portent sur la r\u00e9duction du gaspillage alimentaire, le tri s\u00e9lectif et la gestion des d\u00e9chets, et permettent de sensibiliser concr\u00e8tement les enfants aux enjeux environnementaux du quotidien. Elles compl\u00e8tent le travail r\u00e9alis\u00e9 par les \u00e9quipes municipales au sein du restaurant scolaire.<br>Nous souhaitons poursuivre et amplifier cette dynamique. Des moyens financiers continueront d\u2019\u00eatre mobilis\u00e9s pour d\u00e9velopper ces actions, notamment en partenariat avec le CPIE Vall\u00e9e de l\u2019Orne, acteur reconnu de l\u2019\u00e9ducation \u00e0 l\u2019environnement qu\u2019il convient de solliciter davantage, mais aussi avec le SYVEDAC, les associations locales et les \u00e9quipes p\u00e9dagogiques.<br>L\u00e0 encore l\u2019objectif est clair : inscrire ces initiatives dans la dur\u00e9e, les structurer davantage au niveau scolaire et p\u00e9riscolaire, et faire de l\u2019\u00e9ducation \u00e0 la transition \u00e9cologique un axe fort et coh\u00e9rent de l\u2019action municipale.<br>6<br>Participation citoyenne<br>La participation des citoyens, au-del\u00e0 des obligations l\u00e9gales, aux d\u00e9bats et projets de la commune est n\u00e9cessaire \u00e0 la consolidation de notre d\u00e9mocratie.<br>Des formations sont adapt\u00e9es aux techniques et outils de coop\u00e9ration : Fert\u00eeles https:\/\/share.google\/ftoXE4yEivxnzzJux<br>Comment comptez-vous vous saisir de cette question et seriez-vous pr\u00eats \u00e0 vous former ?<br>R\u00e9ponse :<br>Notre \u00e9quipe est particuli\u00e8rement d\u00e9termin\u00e9e \u00e0 renforcer la participation citoyenne \u00e0 la vie communale. Dans un contexte o\u00f9 la confiance d\u00e9mocratique doit \u00eatre consolid\u00e9e, il est essentiel d\u2019associer davantage les habitants aux d\u00e9bats et aux projets structurants de la commune.<br>Certains \u00e9lus disposent d\u00e9j\u00e0 de ces comp\u00e9tences. Toutefois, pour que cette dynamique ne repose pas sur quelques personnes seulement et qu\u2019elle s\u2019inscrive durablement dans les pratiques municipales, il est effectivement n\u00e9cessaire de former tous les \u00e9lus.<br>Organiser une participation citoyenne de qualit\u00e9 ne s\u2019improvise pas : cela requiert des m\u00e9thodes adapt\u00e9es, des outils \u00e9prouv\u00e9s et une v\u00e9ritable culture du dialogue. Nous sommes donc pr\u00eats \u00e0 poursuivre et amplifier ces formations, y compris aupr\u00e8s d\u2019organismes sp\u00e9cialis\u00e9s comme Fert\u00eeles ou d\u2019autres structures reconnues dans l\u2019accompagnement des collectivit\u00e9s.<br>Avez-vous d\u2019autres projets en faveur de la transition \u00e9cologique que vous comptez mettre en place et que vous souhaiteriez nous communiquer ?<br>Des dispositions ont \u00e9t\u00e9 prises dans le futur Plan Local d\u2019Urbanisme Intercommunal afin de favoriser la plantation et la pr\u00e9servation des haies en zones agricoles, contribuant ainsi \u00e0 la biodiversit\u00e9, \u00e0 la qualit\u00e9 des sols et \u00e0 la protection de la ressource en eau. Nous veillerons \u00e0 leur mise en oeuvre effective.<br>Les travaux pr\u00e9vus pour la r\u00e9novation de la salle Trianon int\u00e9greront pleinement les enjeux environnementaux : am\u00e9lioration de la performance \u00e9nerg\u00e9tique, r\u00e9duction des consommations, choix de mat\u00e9riaux adapt\u00e9s et prise en compte du confort thermique.<br>Nous proposons par ailleurs la cr\u00e9ation d\u2019un Comit\u00e9 consultatif de la Transition \u00c9cologique. Cette instance r\u00e9unira des experts Lionnais.es volontaires, des repr\u00e9sentants de Lion environnement et des acteurs locaux, des habitant.es et des \u00e9lu.es<br>Les membres du Comit\u00e9 Consultatif de la Transition \u00c9cologique seront amen\u00e9s \u00e0 formuler des propositions, \u00e9mettre des conseils et avis sur le volet environnemental de l\u2019ensemble des actions et projets conduits par la municipalit\u00e9 au cours du mandat. Il s\u2019agira ainsi d\u2019int\u00e9grer syst\u00e9matiquement la dimension \u00e9cologique dans les d\u00e9cisions locales et d\u2019\u00e9clairer les choix municipaux par une expertise citoyenne.<br>M\u00eame avec des moyens limit\u00e9s, une petite commune peut impulser des actions environnementales fortes et visibles au quotidien. L\u2019essentiel est de cr\u00e9er une dynamique collective, en s\u2019appuyant sur des mesures concr\u00e8tes, pragmatiques et adapt\u00e9es \u00e0 notre territoire.<br>Dans cet esprit, si l\u2019association Lion Environnement ou d\u2019autres acteurs souhaitent co-organiser une manifestation type \u00ab Fabrique des id\u00e9es pour la Transition \u00c9cologique \u00bb, espace d\u2019\u00e9changes et de propositions concr\u00e8tes, la municipalit\u00e9 s\u2019engagera pleinement \u00e0 leurs c\u00f4t\u00e9s.<\/p>\n\n\n\n<p class=\"has-small-font-size\"><strong>Nom de la liste : LION AUTREMENT (12\/03\/2026)<\/strong><br><strong>Nom de la t\u00eate de liste : EVA SIX<\/strong><br>Merci de r\u00e9pondre dans l\u2019espace pr\u00e9vu \u00e0 cet effet dans le questionnaire sans restriction de longueur.<br>Probl\u00e9matique de l\u2019eau<br>Les analyses de l\u2019eau potable distribu\u00e9e \u00e0 Lion-sur-mer montrent une contamination r\u00e9currente de m\u00e9tabolites de pesticides agricoles : les derni\u00e8res analyses sont non conformes sur ce point avec 4 m\u00e9tabolites identifi\u00e9s dont 1 d\u00e9passe largement la valeur plafond autoris\u00e9e : 2,43 microgramme\/l pour le chlorothalonil qui ne devrait pas d\u00e9passer les 0,1 microgramme\/l.<br>Quelle strat\u00e9gie de la mairie avec Eau du bassin caennais pour rem\u00e9dier \u00e0 cette pollution chronique ?<br>R\u00e9ponse :<br>La pollution de l\u2019eau est un probl\u00e8me complexe dont l\u2019opinion commune commence \u00e0 se pr\u00e9occuper. Les causes apparaissent plurielles. Les r\u00e9ponses doivent donc se situer sur plusieurs plans. On peut rappeler tout d\u2019abord que l\u2019eau potable est un bien commun et que ce bien peut appara\u00eetre aujourd\u2019hui comme \u00e9tant en danger, m\u00eame si cette inqui\u00e9tude doit n\u00e9anmoins \u00eatre relativis\u00e9e puisque les m\u00e9tabolites ne d\u00e9passent pas les seuils de qualit\u00e9 sanitaire r\u00e9glementaires fix\u00e9s par l\u2019ANSES (Agence Nationale de S\u00e9curit\u00e9 Sanitaire).<br>Nous avons sollicit\u00e9 l\u2019agence de l\u2019eau du bassin caennais pour en savoir plus ;102 communes sont concern\u00e9es ; un syndicat de l\u2019eau avec 50 \u00e9lus pour l\u2019ensemble des communes existe. Lion sur mer doit absolument y \u00eatre repr\u00e9sent\u00e9e de fa\u00e7on plus active. La commune s\u2019inscrit dans un territoire, un territoire qui influe sur la qualit\u00e9 de l\u2019eau. Par cons\u00e9quent, nos \u00e9lus seuls n\u2019ont pas la main sur le probl\u00e8me. Ce n\u2019est pas directement de leur comp\u00e9tence. En revanche, ceci ne les d\u00e9douane pas de la responsabilit\u00e9 de proposer diff\u00e9rentes solutions malgr\u00e9 tout et ce, sur un calendrier diff\u00e9renci\u00e9 et sur plusieurs niveaux.<br>Puisque le niveau de pollution de l\u2019eau est majoritairement d\u00fb \u00e0 la pratique agricole du bassin caennais, \u00e0 long terme, l\u2019id\u00e9al serait de r\u00e9ussir \u00e0 \u00ab militer \u00bb de mani\u00e8re coordonn\u00e9e avec les autres \u00e9lus pour accompagner les agriculteurs \u00ab contraints collectivement \u00bb \u00e0 une agriculture intensive de passer \u00e0 une agriculture raisonn\u00e9e, voire bio. Ceci impliquera un travail de mobilisation de longue haleine qui pourra s\u2019appuyer \u00e0 l\u2019\u00e9chelle locale sur un comit\u00e9 de l\u2019eau impliquant des habitants sensibles \u00e0 la question et soucieux de s\u2019en emparer. Ce comit\u00e9 pourra chercher \u00e0 mobiliser au-del\u00e0 de Lion sur mer d\u2019autres habitants concern\u00e9s d\u2019autres communes et constituer un \u00ab collectif \u00bb dont la mission pourrait \u00eatre de renforcer le travail des \u00e9lus qui devront utiliser pleinement les si\u00e8ges qui leur sont d\u00e9volus pour d\u00e9fendre l\u2019int\u00e9r\u00eat des concitoyens. Plusieurs instances sont parties prenantes, l\u2019ARS charg\u00e9e d\u2019assurer le contr\u00f4le de la qualit\u00e9 de 1<br>l\u2019eau et Caen la mer qui pourra intervenir sur cette question aupr\u00e8s de la chambre d\u2019agriculture pour une \u00e9volution des pratiques, particuli\u00e8rement autour des zones de captage, mais pas que.<br>Nos \u00e9lus au conseil communautaire porteront l\u2019id\u00e9e d\u2019exploiter l\u2019eau en r\u00e9gie au lieu de la d\u00e9l\u00e9guer \u00e0 un prestataire priv\u00e9 comme c\u2019est le cas depuis 1993. Des grandes villes comme Paris, Nice, Bordeaux, Grenoble l\u2019ont d\u00e9j\u00e0 fait, ce qui semble repr\u00e9senter un avantage cons\u00e9quent tant sur le plan \u00e9conomique qu\u2019\u00e9cologique. En effet, les factures d\u2019eau, pour les b\u00e9n\u00e9ficiaires semblent parfois diminu\u00e9es de 10 \u00e0 20 %, le surco\u00fbt de l\u2019eau \u00e9tant d\u00fb au traitement. Or, dans les communes ayant repris la r\u00e9gie de l\u2019eau, il semble que le travail de pr\u00e9vention et donc de persuasion aupr\u00e8s des agriculteurs soit davantage payant. En outre, les r\u00e9seaux y apparaissent mieux entretenus, moins v\u00e9tustes, moins poreux, et donc moins de fuites sont \u00e0 constater. L\u2019eau y appara\u00eet moins pollu\u00e9e. Enfin, \u00e0 l\u2019\u00e9chelle locale, on pourrait imaginer au sein du comit\u00e9 de l\u2019eau de petites exp\u00e9rimentations \u00e0 partir d\u2019installations de filtrations de particuliers volontaires pour d\u00e9terminer leur action sur l\u2019eau en proc\u00e9dant \u00e0 des analyses de la qualit\u00e9 de l\u2019eau r\u00e9guli\u00e8rement afin de mesurer l\u2019efficacit\u00e9 de ces dispositifs.<br>La moiti\u00e9 des habitations de Lion-sur-mer ne sont pas conformes en mati\u00e8re d\u2019assainissement. Ceci g\u00e9n\u00e8re une qualit\u00e9 des eaux de baignade qualifi\u00e9e de \u00ab \u00e0 \u00e9viter \u00bb par l\u2019association Eaux et rivi\u00e8res de Bretagne, les analyses de coliformes f\u00e9caux montrant une augmentation de la charge.<br>Les travaux de mise en conformit\u00e9 sont obligatoires lors d\u2019une vente. Quelles actions pr\u00e9voyez- vous pour acc\u00e9l\u00e9rer l\u2019am\u00e9lioration de la qualit\u00e9 des eaux de baignade pour notre cit\u00e9 \u00e0 caract\u00e8re baln\u00e9aire marqu\u00e9 ?<br>R\u00e9ponse :<br>La pr\u00e9sence des coliformes f\u00e9caux dont il est question et qui a pour effet d\u2019affecter la qualit\u00e9 des eaux de baignade et de nuire \u00e0 notre image touristique est la plupart du temps cons\u00e9cutive \u00e0 des orages et s\u2019explique par le m\u00e9lange des eaux de pluie m\u00e9lang\u00e9 aux eaux us\u00e9es.<br>Afin d\u2019\u00e9viter ce probl\u00e8me, plusieurs choses pourront \u00eatre effectu\u00e9es : tout d\u2019abord, dans le prolongement du recensement initi\u00e9 par Caen la mer des habitations pr\u00e9sentant une non-conformit\u00e9, les \u00e9lus devront accompagner les propri\u00e9taires vers les aides financi\u00e8res (Agence de l\u2019eau et \u00e9co-pr\u00eat \u00e0 taux z\u00e9ro) pour effectuer les travaux de s\u00e9paration des eaux us\u00e9es et des eaux de pluie chez eux. Mais attention toutes les non-conformit\u00e9s ne sont pas \u00e0 mettre sur un pied d\u2019\u00e9galit\u00e9 et certaines ne pr\u00e9sentent pas de danger en termes de sant\u00e9 publique. Nous ciblerons les secteurs et les lieux. Ensuite, pour contr\u00f4ler le rejet dans les \u00e9go\u00fbts des eaux de pluie , nous travaillerons \u00e0 la d\u00e9sartificialisation des sols sur l\u2019espace public autant que faire se peut. Cette mesure s\u2019inscrit dans un plan plus large qui vise \u00e0 v\u00e9g\u00e9taliser l\u2019espace communal.<br>Enfin, un comit\u00e9 r\u00e9unissant \u00e9lus, citoyens et experts consacr\u00e9 \u00e0 l\u2019eau de mer et aux algues pourra voir le jour et se constituer \u00e0 la fois observateur et porteur de propositions, qu\u2019il s\u2019agisse d\u2019actions p\u00e9dagogiques et de sensibilisation ou autre.<br>Urbanisme<br>R\u00e9ponse :<br>Inolya a le projet de cr\u00e9ation d\u2019immeuble en remplacement des maisons individuelles de la rue de la ferme. Seriez-vous pr\u00eats \u00e0 inciter le bailleur \u00e0 la cr\u00e9ation d\u2019un \u00e9co-quartier ?<br>Nous tenons tout d\u2019abord \u00e0 pr\u00e9ciser que la question des maisons d\u2019Inolya s\u2019inscrit directement dans notre programme qui fait de l\u2019augmentation du parc social et de l\u2019habitat r\u00e9nov\u00e9 une priorit\u00e9. Il vise un plan plus vaste de lutte contre les in\u00e9galit\u00e9s sociales d\u2019acc\u00e8s au logement. Nous avons en effet recens\u00e9 109 logements vacants aujourd\u2019hui \u00e0 Lion sur mer, une vraie s\u00e9niorisation de la population et des tarifs prohibitifs pour les jeunes couples de la classe moyenne.<br>C\u2019est la raison pour laquelle nous proposons d\u2019abord un outil jusque-l\u00e0 inutilis\u00e9 : l\u2019Office Foncier Solidaire, initi\u00e9 par la Loi en 2014. Dispositif venant des Etats Unis dans les ann\u00e9es 60 pour 2<br>continuer de permettre aux fermiers d\u2019exploiter leurs terres, il dissocie la propri\u00e9t\u00e9 du terrain de celle du b\u00e2ti. L\u2019id\u00e9e est de contenir la croissance des prix du foncier en facilitant l\u2019acc\u00e8s \u00e0 la propri\u00e9t\u00e9 des primo-acc\u00e9dants sous conditions de revenu. On commencera par un recensement des biens en d\u00e9sh\u00e9rence, vacants depuis plus de 5 ans et des terrains libres dans la commune pour respectivement r\u00e9habiliter ou construire en accession sociale \u00e0 la propri\u00e9t\u00e9. Le partenaire de ces op\u00e9rations sera l\u2019Office Foncier Solidaire de Caen la mer qui, propri\u00e9taire des terrains, conclura des baux r\u00e9els solidaires, dispositif mis en oeuvre depuis 2017.<br>Pour ce qui est du devenir des petites maisons rue de la ferme dont Inolya est le propri\u00e9taire, la question est tr\u00e8s sensible, mais un peu diff\u00e9rente, puisque pr\u00e9cis\u00e9ment Inolya est propri\u00e9taire. Vouloir les remplacer par un \u00e9coquartier \u00e9tait d\u00e9j\u00e0 une question que l\u2019association se posait en 2020 et il avait \u00e9t\u00e9 r\u00e9pondu \u00e0 l\u2019\u00e9poque qu\u2019il existait d\u00e9j\u00e0 une OAP qui int\u00e9grait la question de l\u2019environnement et d\u2019une densification douce, sans doute pr\u00e9f\u00e9rable pour penser l\u2019am\u00e9nagement de l\u2019espace aux \u00e9coquartiers se situant la plupart du temps entre 10 et 50 hectares. L\u2019OAP a aujourd\u2019hui \u00e9t\u00e9 int\u00e9gr\u00e9e au PLUI.<br>Un \u00e9coquartier n\u2019est en effet pas un simple projet immobilier. C\u2019est un ensemble con\u00e7u, construit et g\u00e9r\u00e9 selon les principes du d\u00e9veloppement durable. Il vise \u00e0 r\u00e9duire l\u2019impact environnemental tout en am\u00e9liorant la qualit\u00e9 de vie des habitants.<br>En fait, on peut rappeler, \u00e0 toute fin utile que l\u2019\u00e9coquartier s\u2019articule autour de 5 piliers : La Mobilit\u00e9 Douce : pr\u00e9sence de piste(s) cyclable(s) et de voies pi\u00e9tonnes. La Nature En Ville : pr\u00e9sence d\u2019arbres, d\u2019espaces verts et de jardins partag\u00e9s. La Gestion Durable de l\u2019Eau : pr\u00e9sence de dispositifs de r\u00e9tention et d\u2019infiltration des eaux pluviales. La R\u00e9novation \u00e9nerg\u00e9tique des B\u00e2timents : b\u00e2timents \u00e0 \u00e9nergie positive qui g\u00e9n\u00e8rent une r\u00e9duction des charges locatives entre 20% et 40%. La Vie de Quartier : pr\u00e9sence d\u2019une place centrale, de bancs et souvent d\u2019un local commun pour faciliter les \u00e9changes entre habitants.<br>L\u2019espace en jeu constitue ce qu\u2019on appelle \u00ab l\u2019il\u00f4t Victor Hugo \u00bb et comprend 20 maisons individuelles des ann\u00e9es 50 sous la forme de 10 blocs de maisons jumelles sur un terrain d\u2019environ 11 000 m\u00b2, soit plus d\u2019un hectare.<br>Aujourd\u2019hui, une chose est s\u00fbre : les habitants de Lion sur mer attendent impatiemment que ce projet \u00e9volue en se demandant ce qui va se passer.<br>De son c\u00f4t\u00e9, le bailleur social Inolya, propri\u00e9taire du terrain et des maisons individuelles, envisage de construire 60 logements sans avoir \u00e9voqu\u00e9, \u00e0 notre connaissance, la volont\u00e9 de construire un \u00e9coquartier.<br>Le contexte est qu\u2019il y a urgence en mati\u00e8re de logement social sans pour autant qu\u2019il faille sacrifier \u00e0 l\u2019environnement et d\u00e9figurer le coeur de bourg. Dans ces conditions, l\u2019\u00e9quipe municipale doit demeurer le garant de l\u2019int\u00e9r\u00eat g\u00e9n\u00e9ral de la Commune en veillant \u00e0 concilier les aspirations des habitants et les contraintes du bailleur. Donc m\u00eame s\u2019il ne s\u2019agit pas \u00e0 proprement parler d\u2019un \u00e9coquartier au sens strict du terme dans la mesure o\u00f9 l\u2019espace risque de manquer \u00e0 Lion sur mer &#8211; les exemples examin\u00e9s tels que l\u2019\u00e9co quartier Champlain \u00e0 Honfleur ou celui de Verson \u00e9tant r\u00e9ussis parce que sur des surfaces nettement plus importantes que celles dont nous disposons \u00e0 Lion y compris en y int\u00e9grant le terrain dit \u00ab Weben \u00bb &#8211; l\u2019id\u00e9e serait bien d\u2019int\u00e9grer un certain nombre d\u2019exigences propres \u00e0 celui-ci sans l\u2019\u00eatre exactement. La qualit\u00e9 de vie pour tous doit s\u2019y retrouver ainsi que l\u2019\u00e9co-responsabilit\u00e9.<br>Il nous semble important de rappeler qu\u2019il est urgent de revenir tr\u00e8s rapidement \u00e0 la table des discussions avec Inolya, mais que de mani\u00e8re g\u00e9n\u00e9rale nous chercherons \u00e0 valoriser une architecture de qualit\u00e9 et le caract\u00e8re singulier du village pour ce qui rel\u00e8ve de notre coeur de bourg. Nous ne sommes pas sur un terrain vierge contrairement \u00e0 ce qui \u00e9tait le cas \u00e0 Honfleur et \u00e0 Verson, ce que nous ont bien confirm\u00e9 les maires respectifs, par cons\u00e9quent, dans une perspective \u00e9co-responsable et \u00e0 plusieurs titres (pas de gestion des gravats, empreinte carbone diminu\u00e9e, sobri\u00e9t\u00e9\u2026) la r\u00e9habilitation doit pouvoir \u00eatre envisag\u00e9e comme \u00e9tant une option s\u00e9rieuse, l\u2019\u00e9cologie passant aujourd\u2019hui par le \u00ab recyclage \u00bb de l\u2019existant \u00e0 tous les niveaux. Et, nous essaierons de d\u00e9fendre un urbanisme par \u00ab il\u00f4ts \u00bb sur le mod\u00e8le des \u00ab clos normands \u00bb et dans les \u00ab dents creuses \u00bb plut\u00f4t que de cr\u00e9er de nouvelles grandes zones d\u2019habitat pour \u00e9viter la 3<br>d\u00e9t\u00e9rioration du cadre de vie tout en facilitant l\u2019installation de nouvelles familles. Quoi qu\u2019il arrive, rien ne pourra se faire sans les habitants et rien ne pourra se faire sans une r\u00e9flexion collective et globale en termes d\u2019am\u00e9nagement du territoire \u00e0 Lion sur mer.<br>\u00c9nergie<br>Des communes de France d\u00e9veloppent des projets d\u2019\u00e9quipement de b\u00e2timents communaux en panneaux solaires avec \u00e9ventuellement du financement participatif de citoyens :<br>https:\/\/www.ecpdl.fr\/mairies-batiments-communaux-deviennent-supports-photovoltaiques.html<br>\u00c0 titre d\u2019exemple, la soci\u00e9t\u00e9 Enercoop accompagne les collectivit\u00e9s et les habitants dans de tels projets (voir documents joints). Seriez-vous pr\u00eats \u00e0 vous engager dans une r\u00e9flexion sur une telle d\u00e9marche \u00e0 Lion-sur-mer ?<br>R\u00e9ponse :<br>L\u2019enjeu est de r\u00e9duire la d\u00e9pendance aux \u00e9nergies fossiles des b\u00e2timents de la commune de Lion sur mer via le recours aux panneaux solaires pour r\u00e9duire l\u2019empreinte carbone et le co\u00fbt de la consommation \u00e9nerg\u00e9tique.<br>Il est n\u00e9cessaire, dans un premier temps, de dresser un inventaire de l\u2019ensemble des b\u00e2timents communaux en s\u2019attachant aux contraintes inh\u00e9rentes \u00e0 l\u2019installation de panneaux solaires (\u00e9tat et surcharge admissible la toiture, orientation du b\u00e2timent et contrainte r\u00e9glementaire). Nous r\u00e9aliserons ensuite une installation exp\u00e9rimentale sur un b\u00e2timent communal r\u00e9pondant \u00e0 ces contraintes pour \u00e9valuer le gain d\u2019exploitation. Nous \u00e9laborerons enfin un sch\u00e9ma directeur des b\u00e2timents et des \u00e9nergies sur la dur\u00e9e de la mandature en priorisant les b\u00e2timents critiques et en lissant l\u2019effort d\u2019investissement pour \u00e9viter les pics budg\u00e9taires. Nous pourrons alors rechercher activement des financements (DETR, DSIL, R\u00e9gion, ADEME) et obtenir, le cas \u00e9ch\u00e9ant, les meilleures conditions aupr\u00e8s des banques via le recours \u00e0 l\u2019emprunt. Ce programme ne pourra \u00eatre men\u00e9 \u00e0 bien que si nous veillons \u00e0 ne pas d\u00e9passer le niveau d\u2019endettement propre au budget de notre commune.<br>Alimentation<br>La contamination des aliments est forte et constitue un probl\u00e8me de sant\u00e9 publique : augmentation des cancers p\u00e9diatriques, cancers du pancr\u00e9as\u2026 Les causes en sont connues :<\/p>\n\n\n\n<ul class=\"wp-block-list\">\n<li class=\"has-small-font-size\">Le lien entre pesticides et leurs m\u00e9tabolites et cancer est maintenant av\u00e9r\u00e9 ; augmentation des cancers du pancr\u00e9as de 3 %\/an en France avec corr\u00e9lation entre les zones d\u2019agriculture intensive et fr\u00e9quence des cas de cancer.<\/li>\n\n\n\n<li class=\"has-small-font-size\">PFAS : ces polluants \u00e9ternels contaminent les aliments en particulier le TFAS, le plus petit des PFAS tr\u00e8s utilis\u00e9 en agriculture.<\/li>\n\n\n\n<li class=\"has-small-font-size\">Cadmium : les Unions r\u00e9gionales des m\u00e9decins lib\u00e9raux ont publi\u00e9 une lettre ouverte, dans laquelle ils rappellent les dangers du cadmium, et surtout l\u2019ampleur de notre contamination. Ils \u00e9voquent \u00ab une bombe \u00e0 retardement \u00bb en lien avec l\u2019alimentation. Ce m\u00e9tal, pr\u00e9sent naturellement dans les sols, est canc\u00e9rig\u00e8ne, reprotoxique et possiblement mutag\u00e8ne. En particulier, il est fortement suspect\u00e9 de jouer un r\u00f4le dans l\u2019accroissement exponentiel des cancers du pancr\u00e9as.<br>Or, nous y sommes tous expos\u00e9s, \u00ab principalement via l\u2019alimentation, notamment les produits de base comme les c\u00e9r\u00e9ales, pommes de terre, p\u00e2tes, pains et produits de panification \u00bb, rappellent les m\u00e9decins. Une fois dans notre organisme, il s\u2019accumule dans le foie et les reins, et sa pr\u00e9sence augmente avec l\u2019\u00e2ge.<br>4<br>Depuis 2017, le Haut Conseil de la sant\u00e9 publique conseille de limier l\u2019exposition aux pesticides en consommant des produits bio. \u00ab Si l\u2019on mange moins de pesticides, on a moins de risques de d\u00e9velopper des pathologies \u00bb, souligne Laurence Payrastre directrice de recherche \u00e0 l\u2019Institut national de recherche pour l\u2019agriculture, l\u2019alimentation et l\u2019environnement (Inrae). Cette sp\u00e9cialiste des liens entre pesticides et sant\u00e9 redoute en revanche les dangers croissants et encore peu document\u00e9s de l\u2019exposition \u00e0 des cocktails de pesticides.<br>\u00ab La loi Egalim vise \u00e0 promouvoir une alimentation saine, durable et accessible, notamment en augmentant la part de produits bio et locaux dans la restauration collective, avec des objectifs pr\u00e9cis comme atteindre 50% de produits de qualit\u00e9 d&rsquo;ici 2025 \u00bb.<br>Vu les enjeux sanitaires ci-dessus, Il conviendrait de faire \u00e9voluer l\u2019alimentation collective notamment pour passer \u00e0 davantage de produits bio, les produits \u00ab locaux \u00bb ayant les contaminations de l\u2019agriculture conventionnelle.<br>Certaines communes fournissent une alimentation 100 % bio dans la cantine des \u00e9coles (Alizay\/27) ou avec une forte proportion de bio (Saint-Jean le Blanc\/14\u2026) sans augmentation du tarif pour les parents.<br>Le programme alimentaire territorial (PAT) Caen Normandie m\u00e9tropole pr\u00e9voit dans les fiches actions (https:\/\/polesmetropolitains.fr\/caen-metropole\/projet-alimentaire-territorial\/le-pat-en-cours\/) le programme d\u2019action (cf. pj) :<\/li>\n\n\n\n<li class=\"has-small-font-size\">3.6 am\u00e9lioration de la qualit\u00e9 des produits et des pratiques, notamment vers le bio.<\/li>\n\n\n\n<li class=\"has-small-font-size\">5.1 l\u2019appui \u00e0 la restructuration de la restauration collective :<br>Il s\u2019agit de \u00ab Favoriser la cr\u00e9ation ou re-cr\u00e9ation de cuisines locales, de taille adapt\u00e9e, permettant la pr\u00e9paration sur place de repas gr\u00e2ce \u00e0 des produits de qualit\u00e9 et de proximit\u00e9 \u00bb concernant les cantines, maison de retraites\u2026<br>Seriez-vous dispos\u00e9 \u00e0 initier une d\u00e9marche avec les communes voisines (Lion \u00e0 Ouistreham ? Secteur Caen terre-mer ?) visant \u00e0 :<\/li>\n\n\n\n<li class=\"has-small-font-size\">faciliter l\u2019installation, la conversion et le maintien d\u2019exploitations en agriculture biologique ? Notamment sur les p\u00e9rim\u00e8tres de captage.<\/li>\n\n\n\n<li class=\"has-small-font-size\">mener une r\u00e9flexion sur la cr\u00e9ation d\u2019une cuisine centrale collective avec l\u2019appui de Caen-la-mer.<br>R\u00e9ponse :<br>La question qui nous a \u00e9t\u00e9 pos\u00e9e par Lion Environnement \u00e9tait de savoir si nous \u00e9tions pr\u00eats \u00e0 am\u00e9liorer la qualit\u00e9 des repas \u00e0 la cantine en int\u00e9grant plus de produits Bio et locaux.<br>Actuellement, il faut savoir que la cantine de l\u2019\u00e9cole de Lion sur mer respecte la loi EGALIM<br>(Loi pour l\u2019\u00e9quilibre des relations commerciales dans le secteur agricole et alimentaire) qui je le rappelle impose :<br>o d\u2019int\u00e9grer 50 % de produits durables et de qualit\u00e9 dont 20% de produits biologiques<br>o de lutter contre le gaspillage alimentaire<br>o de diversifier les ressources de prot\u00e9ines<br>o de substituer les plastiques<br>De mani\u00e8re g\u00e9n\u00e9rale, la question de la cantine est tr\u00e8s li\u00e9e \u00e0 celle du temps scolaire. Si l\u2019on regarde ce que font nos voisins europ\u00e9ens \u00e0 l\u2019\u00e9chelle de l\u2019\u00e9cole primaire, dans beaucoup de pays, quand les \u00e9l\u00e8ves finissent \u00e0 midi ou 13h00 comme c\u2019est le cas en Allemagne ou en Italie, ils rentrent manger chez eux. Et de m\u00eame, dans d\u2019autres, dans lesquels le temps scolaire se situe sur une journ\u00e9e enti\u00e8re, comme en Belgique, ou en Gr\u00e8ce, il n\u2019existe pas forc\u00e9ment de cantine g\u00e9n\u00e9ralis\u00e9e. Les enfants apportent leur repas et le prennent sur place. La cantine, historiquement rel\u00e8ve de 5<br>revendications sociales qui \u00e9mergent au coeur de la Commune de Paris en 1870. Quand on meurt de faim \u00e0 Paris, on se met \u00e0 r\u00eaver de cantines coop\u00e9ratives qui permettraient d\u2019avoir au moins un repas par jour pour chacun. Depuis, en France, la cantine est tr\u00e8s symbolique. C\u2019est un enjeu social fort. Mais beaucoup de pays culturellement sont tr\u00e8s \u00e9loign\u00e9s de notre mod\u00e8le. Si on r\u00e9inscrit la question dans son contexte fran\u00e7ais et local, on peut donc dire que les parents sont globalement satisfaits, le taux de fr\u00e9quentation des cantines en est une preuve et de la n\u00f4tre en particulier. Mais n\u00e9anmoins, un certain nombre de critiques existent, et elles ne doivent pas \u00eatre ignor\u00e9es. Plusieurs niveaux de difficult\u00e9s pour r\u00e9soudre les probl\u00e8mes se juxtaposent et doivent \u00eatre identifi\u00e9s : tout d\u2019abord, le prix des repas doit rester abordable pour toutes les familles, donc on est sur des co\u00fbts tr\u00e8s contraints, ce qui limite la marge de manoeuvre et ensuite, un certain nombre de normes d\u2019hygi\u00e8ne, de s\u00e9curit\u00e9, et de sant\u00e9 publique drastiques doivent \u00eatre respect\u00e9es ; la cha\u00eene du froid, la diversit\u00e9 nutritionnelle\u2026 C\u2019est la raison pour laquelle quasiment toutes les cantines d\u2019\u00e9coles similaires \u00e0 la n\u00f4tre aujourd\u2019hui se retrouvent confront\u00e9es \u00e0 un probl\u00e8me identique : elles n\u2019ont plus de cuisine centrale avec des frais d\u2019investissement et de fonctionnement exorbitants non rentabilisables pour une centaine d\u2019\u00e9l\u00e8ves seulement et elles se font livrer des repas faits \u00e0 l\u2019\u00e9chelle industrielle par des fournisseurs qui ont la capacit\u00e9 de r\u00e9pondre aux exigences \u00e0 des prix d\u00e9fiant toute concurrence, soient-ils situ\u00e9s \u00e0 une heure et demi de trajet du lieu de livraison.<br>Notre ambition avec Lion autrement est effectivement d\u2019aller plus loin tout en restant r\u00e9aliste. Pour ce faire, notre proposition comporte deux volets et s\u2019inscrit en deux temps :<br>Tout d\u2019abord, parce que notre programme accorde une importance clef aux valeurs d\u00e9mocratiques, et \u00e0 la libert\u00e9 de choix des familles en mati\u00e8re d\u2019\u00e9ducation, nous aurons \u00e0 coeur de proposer une alternative \u00e0 la formule de restauration collective aujourd\u2019hui exclusive et ce, de mani\u00e8re d\u2019abord exp\u00e9rimentale. L\u2019avantage serait que, sans rien co\u00fbter \u00e0 personne, cette possibilit\u00e9 pourrait conna\u00eetre un d\u00e9marrage d\u00e8s septembre prochain. Sobri\u00e9t\u00e9 et efficacit\u00e9. En effet, un certain nombre de parents sont dans l\u2019incapacit\u00e9 de prendre en charge leurs enfants sur le temps de la pause m\u00e9ridienne, mais ne sont pas forc\u00e9ment, pour diff\u00e9rentes raisons qui leur appartiennent, satisfaits du service de restauration collective, ni les enfants d\u2019ailleurs. Nous proposerons donc de tester d\u00e9s la rentr\u00e9e prochaine pour ceux qui le souhaitent un dispositif d\u2019accueil sur le temps m\u00e9ridien qui rende possible la prise de repas pr\u00e9par\u00e9s \u00e0 la maison. Dans un souci inclusif et d\u2019\u00e9ducation \u00e0 la diversit\u00e9, nous m\u00e8nerons d\u00e8s les premiers mois du mandat, en vue de la rentr\u00e9e prochaine, avec les parents et le personnel municipal aff\u00e9rent une r\u00e9flexion sur le sujet en partant de leurs demandes. Notre souci sera \u00e9galement de prendre en compte la voix des enfants qui sont les premiers concern\u00e9s et qui en g\u00e9n\u00e9ral sont les grands oubli\u00e9s de ces d\u00e9bats alors m\u00eame que depuis la Convention internationale des droits de l\u2019enfants de 1990, leur avis devrait \u00eatre pris en compte. Beaucoup d\u2019enfants sont effectivement inscrits \u00e0 la cantine, mais ne mangent pas forc\u00e9ment les plats qui leur sont propos\u00e9s. L\u2019id\u00e9e serait ainsi de r\u00e9soudre \u00e0 court terme le probl\u00e8me \u00e9norme du gaspillage alimentaire et de s\u2019adapter aux besoins des usagers.<br>Nous pourrions aussi adh\u00e9rer au programme europ\u00e9en lait et fruits \u00e0 l\u2019\u00e9cole qui permettrait d\u2019apporter une collation aux enfants.<br>Et enfin, pour ce qui est d\u2019une cuisine centrale avec des professionnels affect\u00e9s, clairement les effectifs de Lion sur mer ne permettent pas de l\u2019envisager s\u00e9rieusement. Il faut en effet plus de 400 repas par jour pour que le mod\u00e8le \u00e9conomique soit viable. En revanche, en mutualisant avec d\u2019autres communes voisines int\u00e9ress\u00e9es, qu\u2019elles appartiennent \u00e0 Caen- la- mer ou \u00e0 Coeur de Nacre, on peut y r\u00e9fl\u00e9chir. On se situerait sur une temporalit\u00e9 plus longue.<br>Cela nous permettrait de :<br>o soutenir les agriculteurs du territoire et soutenir leur conversion au bio<br>o s\u00e9curiser l\u2019approvisionnement local en produits bio pour toutes les cantines des \u00e9coles du secteur<br>o Garantir une alimentation saine, durable et accessible aux enfants.<br>Pour cela, deux options sont sur la table :<br>o soit se rapprocher d\u2019une structure qui fonctionne d\u00e9j\u00e0 tr\u00e8s bien, comme la cuisine centrale d\u2019H\u00e9rouville (Poppa de Valois), ou de Caen\u2026<br>o soit s\u2019allier avec des communes tr\u00e8s proches, comme Ouistreham ou Douvres, pour cr\u00e9er une cuisine centrale de proximit\u00e9. Ce qui nous permettrait de nous associer \u00e0 des producteurs locaux.<br>Nous avons d\u00e9j\u00e0 identifi\u00e9 plusieurs partenaires pour nous accompagner, comme le r\u00e9seau REGAL, Syvedac ou le programme Ma Cantine propos\u00e9e par le gouvernement.<br>6<br>Dans le futur, nous envisageons de r\u00e9unir les diff\u00e9rents acteurs pour voir quelle formule serait la plus adapt\u00e9e pour tous. Les a\u00een\u00e9s pourraient b\u00e9n\u00e9ficier de ces repas selon des modalit\u00e9s qui resteraient \u00e0 d\u00e9finir. Cela pourrait s\u2019inscrire dans le cadre d\u2019un dispositif qui accompagne le maintien \u00e0 domicile des s\u00e9niors. 4 repas par semaine seraient d\u00e9j\u00e0 garantis sur la p\u00e9riode scolaire. Sans parler du fait que plus le nombre de repas sera important, plus l\u2019amortissement sera assur\u00e9. C\u2019est ce qui explique qu\u2019\u00e0 Luc, une cuisine centrale aura aliment\u00e9 pendant des ann\u00e9es l\u2019EPHAD, l\u2019\u00e9cole publique et l\u2019\u00e9cole priv\u00e9e.<br>Biodiversit\u00e9<br>La commune est engag\u00e9e sur le programme Territoire engag\u00e9 pour la nature jusqu\u2019en 2027. \u00cates-vous favorable au principe d\u2019un renouvellement de l\u2019engagement au-del\u00e0 de 2027 ?<br>https:\/\/www.anbdd.fr\/biodiversite\/collectivites\/territoires-engages-pour-la-nature\/<br>R\u00e9ponse :<br>Concernant la question de pr\u00e9servation de la biodiversit\u00e9 \u00e0 l&rsquo;\u00e9chelle locale, nous agirons selon 3 axes :<\/li>\n\n\n\n<li class=\"has-small-font-size\">am\u00e9liorer la connaissance de la biodiversit\u00e9 communale, aussi bien des esp\u00e8ces animales que v\u00e9g\u00e9tales<\/li>\n\n\n\n<li class=\"has-small-font-size\">sensibiliser les citoyens quelque soir leur \u00e2ge<\/li>\n\n\n\n<li class=\"has-small-font-size\">r\u00e9fl\u00e9chir et proposer des am\u00e9nagements et des bonnes pratiques r\u00e9alistes et r\u00e9alisables<br>Dans l&rsquo;objectif de<\/li>\n\n\n\n<li class=\"has-small-font-size\">favoriser les esp\u00e8ces menac\u00e9es et vuln\u00e9rables pr\u00e9sentes \u00e0 Lion-sur-Mer ou susceptibles de l&rsquo;\u00eatre (Gravelot \u00e0 collier interrompu, Martinet noir\u2026) mais aussi les esp\u00e8ces plus communes (H\u00e9risson, Abeille\u2026)<\/li>\n\n\n\n<li class=\"has-small-font-size\">lutter contre les esp\u00e8ces exotiques envahissantes dites invasives<\/li>\n\n\n\n<li class=\"has-small-font-size\">limiter la prolif\u00e9ration des esp\u00e8ces dites nuisibles si possible de mani\u00e8re \u00e9cologique<br>Toutes ces actions seront bien s\u00fbr men\u00e9es en partenariat avec les associations et structures publiques comp\u00e9tentes et engag\u00e9es dans le domaine gr\u00e2ce notamment au dispositif Territoires Engag\u00e9s pour la Nature (TEN) qui s\u2019est av\u00e9r\u00e9 tr\u00e8s structurant -c\u2019est la raison pour laquelle nous le poursuivrons -, mais notre programme vise un niveau d\u2019exigence sup\u00e9rieur dans le nombre de sujets \u00e0 planter, dans la cr\u00e9ation d\u2019espaces et de parcours paysagers continus et dans la d\u00e9sartificialisation des sols.<br>\u00c9ducation<br>Les membres de votre liste seraient-ils pr\u00eats \u00e0 se former sur les questions environnementales et sociales ?<br>Exemple de formation destin\u00e9e aux \u00e9lus et agents des collectivit\u00e9s :<br>L\u2019\u00c9cole du Climat | Climate School https:\/\/share.google\/zwC54gQLETek8fUdm<br>int\u00e8gre les enjeux de biodiversit\u00e9, des ressources naturelles\u2026<br>De mani\u00e8re g\u00e9n\u00e9rale, nous, \u00e9lus, avons bien conscience que nous ne saurons pas tout et qu\u2019il nous faudra apprendre. C\u2019est la raison pour laquelle la formation sera irrempla\u00e7able. Il en existe de divers ordres sur diff\u00e9rents sujets pour nous aider \u00e0 nous approprier toutes les probl\u00e9matiques dont nous ne sommes pas experts. Sur le tourisme, il existe le Congr\u00e8s de l\u2019ANETT par exemple, pour permettre aux \u00e9lus de communes touristiques de se rencontrer et de partager leurs exp\u00e9riences, pour permettre aux femmes de tirer pleinement b\u00e9n\u00e9fice de la parit\u00e9 en politique, il existe \u00ab les femmes \u00e9lues du Calvados \u00bb qui proposent des formations sur les finances, 7<br>l\u2019urbanisme, l\u2019organisation de r\u00e9unions, etc\u2026 Et de mani\u00e8re g\u00e9n\u00e9rale, \u00ab c\u2019est en faisant que l\u2019on apprend \u00bb, c\u2019est-\u00e0-dire que c\u2019est en travaillant avec d\u2019autres \u00e9lus, au service des concitoyens, des usagers, avec le personnel municipal qu\u2019on montera en comp\u00e9tences, c\u2019est en exp\u00e9rimentant que l\u2019on apprend. Mais il est bon de pouvoir revenir sur les pratiques, analyser l\u2019exp\u00e9rience. Typiquement sur les questions sociales et environnementales, nous avons d\u00e9j\u00e0 commenc\u00e9 \u00e0 travailler avec des associations telles que \u00ab Exp\u00e9riences communes \u00bb cr\u00e9\u00e9e en 2023 et soutenue par l\u2019ADEME Normandie, R\u00e9gion, Interco. C\u2019est un r\u00e9seau de partage d\u2019exp\u00e9riences de collectivit\u00e9s dans tous les champs du d\u00e9veloppement durable et celui de l\u2019ANBDD (Agence Nationale pour la Biodiversit\u00e9 et le D\u00e9veloppement Durable). L\u2019association propose un retour d\u2019exp\u00e9riences et de partage sur le th\u00e8me de la transition \u00e9nerg\u00e9tique, \u00e9cologique et sociale. Elle facilite l\u2019\u00e9change de bonnes pratiques entre \u00e9lus et propose des \u00e9v\u00e9nements. Pour s\u2019adapter \u00e0 tous les profils et toutes les contraintes, des webminaires sont propos\u00e9s directement \u00e9galement par l\u2019ANBDD. Certains membres de notre \u00e9quipe ont d\u00e9j\u00e0 particip\u00e9 \u00e0 des \u00e9v\u00e9nements comme la fresque du climat. Un certain nombre de formations transversales, accessibles aux \u00e9lus et aux agents seront privil\u00e9gi\u00e9es.<br>L\u2019\u00e9ducation \u00e0 l\u2019environnement et \u00e0 l\u2019\u00e9co-citoyennet\u00e9 des jeunes est fondamental au vu de l\u2019\u00e9volution du monde et des d\u00e9gradations observ\u00e9es. Seriez-vous pr\u00eats \u00e0 accompagner des d\u00e9marches en ce sens et engager des moyens financiers significatifs au niveau scolaire et p\u00e9riscolaire ? Notamment avec le CPIE Vall\u00e9e de l\u2019Orne.<br>R\u00e9ponse :<br>S\u2019il est de la responsabilit\u00e9 des enseignants de mettre en oeuvre une \u00e9ducation au vivant et \u00e0 la biodiversit\u00e9 dans le cadre des programmes scolaires et conform\u00e9ment \u00e0 leur libert\u00e9 p\u00e9dagogique, la commune, qui est le premier partenaire de l\u2019\u00e9cole primaire, elle, qui n\u2019a pas \u00e0 interf\u00e9rer, en revanche peut proposer un certain nombre de choses dont les enseignants peuvent bien s\u00fbr s\u2019emparer, de m\u00eame, elle a une vraie comp\u00e9tence en mati\u00e8re de gestion du centre de loisirs. A ce titre l\u2019\u00e9ducation \u00e0 l\u2019environnement et \u00e0 l\u2019\u00e9co-citoyennet\u00e9 pourra s\u2019inscrire dans un plan plus large d\u2019\u00e9ducation au vivant qui implique de tirer pleinement profit d\u2019abord bien s\u00fbr de tous les \u00e9quipements et ressources humaines et associatives du territoire, du contexte, mais aussi des ressources naturelles, comme la mer, la plage et les espaces naturels publics qui permettent non seulement une sensibilisation \u00e0 la biodiversit\u00e9, mais aussi un engagement concret en faveur de celle-ci. Ici, tout reposera sur une \u00e9troite collaboration entre le personnel du centre de loisirs, le CMJ, le CMA (Conseil municipal des Adolescents), les associations et les \u00e9lus.<br>De nombreux acteurs pr\u00e9sents au niveau local et national existent pour mettre en oeuvre des projets aupr\u00e8s des jeunes : -le programme en route vers la transition \u00e9cologique propos\u00e9 par Caen la mer,<br>-Ecopousse, un programme p\u00e9dagogique,<br>-le CPIE de la Vall\u00e9e de l\u2019Orne avec de nombreux projets disponibles et une prise en charge par le d\u00e9partement,<\/li>\n\n\n\n<li class=\"has-small-font-size\">des sorties scol\u2019air dans le Calvados pour lesquelles le transport est pris en charge \u00e0 70 % par le d\u00e9partement,<\/li>\n\n\n\n<li class=\"has-small-font-size\">une certification Ecole en d\u00e9marche de d\u00e9veloppement durable inscrite dans le projet d\u2019\u00e9cole,<br>-l\u2019ADEME, le Syvedac et beaucoup d\u2019autres\u2026,<br>-le jardin partag\u00e9 de Lion sur mer peut en collaboration avec Lion Environnement avoir un espace d\u00e9di\u00e9 \u00e0 l\u2019\u00e9ducation \u00e0 l\u2019environnement pour les jeunes,<br>Mais on pourra aussi mettre en place un partenariat avec le Museum d\u2019histoire naturelle, l\u2019Universit\u00e9 de Caen, la formation des enseignants et des laboratoires de recherche associ\u00e9s tels que le centre d\u2019algoologie marine pour faire travailler de mani\u00e8re coop\u00e9rative \u00e9tudiants, chercheurs, enfants et associations locales dans le cadre de projets sciences et soci\u00e9t\u00e9. Le D\u00f4me pourra y \u00eatre associ\u00e9 \u00e9galement.<br>8<br>Et parce que \u00ab l\u2019\u00e9ducation au vivant \u00bb passe aussi par \u00ab une \u00e9ducation aux vivants \u00bb, une \u00e9ducation \u00e9coresponsable coh\u00e9rente implique une sensibilisation au sort des animaux. L\u2019\u00ab empathie \u00bb d\u00e9velopp\u00e9e de mani\u00e8re g\u00e9n\u00e9rale pour la biodiversit\u00e9 doit donc pouvoir se d\u00e9cliner concr\u00e8tement en actions engag\u00e9es en faveur d\u2019esp\u00e8ces particuli\u00e8res. On peut penser \u00e0 celles qui sont en voie de disparition comme les h\u00e9rissons avec Piquenville, mais aussi \u00e0 d\u2019autres qui m\u00e9ritent notre attention comme les chats avec la convention que la commune a adopt\u00e9e avec 30 millions d\u2019amis pour leur identification et leur st\u00e9rilisation. On verra si certains souhaitent s\u2019engager dans le parrainage d\u2019animaux en voie de disparition : baleines, lions, pandas\u2026<br>Participation citoyenne<br>La participation des citoyens, au-del\u00e0 des obligations l\u00e9gales, aux d\u00e9bats et projets de la commune est n\u00e9cessaire \u00e0 la consolidation de notre d\u00e9mocratie.<br>Des formations sont adapt\u00e9es aux techniques et outils de coop\u00e9ration : Fert\u00eeles https:\/\/share.google\/ftoXE4yEivxnzzJux<br>Comment comptez-vous vous saisir de cette question et seriez-vous pr\u00eats \u00e0 vous former ?<br>R\u00e9ponse :<br>La participation citoyenne fait partie des axes forts de notre programme. A ce titre, nous avons d\u00e9j\u00e0 pr\u00e9vu des outils, tels que la bo\u00eete \u00e0 id\u00e9es, des permanences d\u2019\u00e9lus, un d\u00e9l\u00e9gu\u00e9 d\u00e9di\u00e9 \u00e0 la communication avec les citoyens et envisageons de mettre en place des dispositifs de consultation et de participation au sein de comit\u00e9s th\u00e9matiques. Des formations seront indispensables pour \u00e9viter la reproduction de mauvaises pratiques. A ce titre, certains membres de notre \u00e9quipe ont d\u00e9j\u00e0 pu se former aux techniques de coop\u00e9ration telles que celles propos\u00e9es par Fertiles. Nous sommes tous demandeurs d\u2019accompagnement dans l\u2019utilisation d\u2019outils de \u00ab facilitation \u00bb et de coop\u00e9ration collective. L\u2019id\u00e9e est \u00e9galement de r\u00e9ussir \u00e0 \u00e9tablir une relation manageriale de confiance r\u00e9ciproque avec le personnel municipal, ce qui impliquera des formations transversales \u00e9lus\/agents.<br>Avez-vous d\u2019autres projets en faveur de la transition \u00e9cologique que vous comptez mettre en place et que vous souhaiteriez nous communiquer ?<br>En ce qui concerne le reste des actions que nous pourrons mener en faveur de la transition \u00e9cologique, nous pouvons citer parmi nos axes forts de programme d\u00e9j\u00e0 d\u00e9velopp\u00e9s, la plantation et la v\u00e9g\u00e9talisation, la cr\u00e9ation de parcours paysagers mellif\u00e8res continus pour \u00e9viter les effets de rupture pour tout ce qui rel\u00e8ve de la biodiversit\u00e9 et notamment des abeilles que nous souhaitons voir revenir dans la commune. Ce qui implique un plan pluriannuel et la participation des habitants secteurs par secteurs. En lien avec ces parcours, ce sont des trames de circuits de mobilit\u00e9 douce qui seront pens\u00e9s pour pi\u00e9tons, cyclistes, poussettes et personnes \u00e0 mobilit\u00e9 r\u00e9duite.<br>Sur le plan de l\u2019habitat, nous lutterons contre les passoires thermiques et l\u2019insalubrit\u00e9, et accompagnerons les citoyens vers des aides financi\u00e8res adapt\u00e9es pour ce qui rel\u00e8ve de l\u2019\u00e9nergie et de l\u2019assainissement. Pour pr\u00e9server la qualit\u00e9 du cadre de vie et les haies des particuliers, nous orienterons \u00e9galement vers les moyens existants et adapt\u00e9s en termes d\u2019entretien.<br>Pour lutter contre l\u2019isolement et la d\u00e9pendance, nous proposerons de mettre en place, en lien avec twisto et citroen un dispositif de voiture partag\u00e9e pour 5 euros la journ\u00e9e, ce qui pourrait permettre aux 30 % des moins de 24 ans concern\u00e9s par le ch\u00f4mage d\u2019\u00eatre dans de bonnes conditions de mobilit\u00e9 pour rechercher un emploi.<br>Nous privil\u00e9gierons toujours les circuits courts et la sobri\u00e9t\u00e9 et dans le cadre des op\u00e9rations ponctuelles de fleurissement des espaces publics, nous donnerons la possibilit\u00e9 aux particuliers de b\u00e9n\u00e9ficier d\u2019un recyclage syst\u00e9matique des plants.<br>9<br>Et enfin, \u00e0 long terme et en partenariat avec d\u2019autres communes Lion sur mer pourrait r\u00e9fl\u00e9chir \u00e0 la pertinence de cr\u00e9er un centre de soins agr\u00e9\u00e9 pour la faune sauvage qui n\u2019existe pas aux alentours. Les partenaires institutionnels seraient alors la pr\u00e9fecture et la DREAL, l\u2019Office fran\u00e7ais de la biodiversit\u00e9, la R\u00e9gion, le D\u00e9partement, la Communaut\u00e9 urbaine, les services v\u00e9t\u00e9rinaires, sp\u00e9cialis\u00e9s, la LPO entre autres\u2026<br><br><\/li>\n<\/ul>\n","protected":false},"excerpt":{"rendered":"<p>Ce questionnaire a \u00e9t\u00e9 valid\u00e9 par le Conseil d\u2019Administration de Lion Environnement. Il vise \u00e0 recueillir, au-del\u00e0 des intentions, les actions que votre liste souhaite engager dans le cadre communal ou supra local dans le cas o\u00f9 les comp\u00e9tences y sont transf\u00e9r\u00e9es (Caen la mer ou syndicats dont la commune est adh\u00e9rente). Les r\u00e9ponses \u00e0\u2026<\/p>\n","protected":false},"author":1564,"featured_media":0,"comment_status":"open","ping_status":"open","sticky":false,"template":"","format":"standard","meta":{"footnotes":""},"categories":[5,49],"tags":[],"class_list":["post-9325","post","type-post","status-publish","format-standard","hentry","category-actualite","category-externe"],"_wp_attached_file":null,"_wp_attachment_metadata":null,"_menu_item_type":null,"_menu_item_menu_item_parent":null,"_menu_item_object_id":null,"_menu_item_object":null,"_menu_item_target":null,"_menu_item_classes":null,"_menu_item_xfn":null,"_menu_item_url":null,"_eventorganiser_event_schedule":null,"_eventorganiser_schedule_until":null,"_wpas_done_all":null,"_eventorganiser_schedule_start_start":null,"_eventorganiser_schedule_start_finish":null,"_eventorganiser_schedule_last_start":null,"_eventorganiser_schedule_last_finish":null,"_wp_attachment_backup_sizes":null,"_wp_attachment_context":null,"event_address":null,"event_start_date":null,"event_to_time":null,"event_from_time":null,"event_end_date":null,"_oembed_7e6c0eb53f1b87dceeb7157df4c64ecd":null,"_oembed_ac860e2f1183d5fbf8efad3e14b2b998":null,"_oembed_2fa3d1dc2e72f2f3db15582a07766e9d":null,"_oembed_ba1f94dfef6f2f056282005c87e1dd1f":null,"_oembed_b4fa8c58de01621c3377349423193585":null,"_oembed_2c076515dc13114e0a07a701157042d8":null,"_oembed_time_2c076515dc13114e0a07a701157042d8":null,"_su_description":null,"_wp_attachment_is_custom_header":null,"_wp_attachment_custom_header_last_used_enigma":null,"_mc_event_shortcode":null,"_mc_event_access":null,"_mc_event_id":null,"_mc_event_desc":null,"_mc_event_image":null,"_event_time_label":null,"_mc_event_data":null,"_snap_forceSURL":null,"snap_MYURL":null,"snapEdIT":null,"_mc_event_location":null,"_oembed_cdb00187755a40067dfed1152b83fa85":null,"_oembed_2a2b1181a4872c3fcae632ccb831338e":null,"_oembed_223e8f80fcafbbb0e655c3b852ad258b":null,"_oembed_f2dbc4e0e03552dca3704dc9d3b35b81":null,"_oembed_0f31e9c8d775433415a564642134b876":null,"_oembed_37f37d6d5d0f763259b5f2d5c6698765":null,"_oembed_7d585094b05c3c88729a16a5d0b76382":null,"_oembed_49e3f6fef25f62658e66c1baa5716b3c":null,"_oembed_3bbcd6cd9ba0f8e8cead97d8bddbbbae":null,"_oembed_6107383b394908a78bf711554ae8a1e4":null,"_oembed_5d6a5ae5cd2e93d5022ed2485426fcf4":null,"_oembed_422f96ea83a4884539ceb42326a11ee5":null,"_oembed_ab6628735dc0e2101ba08ec87fcef1b7":null,"_oembed_75bd89488fe790d8e4f203396bb84c81":null,"_oembed_time_75bd89488fe790d8e4f203396bb84c81":null,"_oembed_c6d8784021cf1310fe080cd343275a5a":null,"_oembed_time_c6d8784021cf1310fe080cd343275a5a":null,"_wp_attachment_custom_header_last_used_greenigma":null,"_wp_attachment_is_custom_background":null,"enclosure":null,"_oembed_3bca2a21e398bc75f8a1b2ec60f88d23":null,"_oembed_25600d5f25f51af7be904b38ccae40ec":null,"_oembed_time_25600d5f25f51af7be904b38ccae40ec":null,"_mc_guid":null,"_mc4wp_settings":null,"text_subscribed":null,"text_invalid_email":null,"text_required_field_missing":null,"text_already_subscribed":null,"text_error":null,"text_unsubscribed":null,"text_not_subscribed":null,"text_no_lists_selected":null,"text_updated":null,"_bbp_reply_count_hidden":null,"_bbp_topic_count_hidden":null,"_bbp_total_topic_count":null,"_bbp_topic_count":null,"_bbp_total_reply_count":null,"_bbp_reply_count":null,"_bbp_forum_subforum_count":null,"_bbp_last_active_time":null,"user_registration_form_setting_default_user_role":null,"user_registration_form_setting_enable_strong_password":null,"user_registration_form_setting_minimum_password_strength":null,"user_registration_form_setting_form_submit_label":null,"user_registration_form_setting_enable_recaptcha_support":null,"user_registration_form_template":null,"user_registration_form_custom_class":null,"_oembed_ef95b2b98f04716f23e0a4eed7816e1b":null,"_oembed_time_ef95b2b98f04716f23e0a4eed7816e1b":null,"_wp_attachment_image_alt":null,"_mc_event_date":null,"_customize_changeset_uuid":null,"sg_popup_target":null,"sg_popup_events":null,"sg_popup_options":null,"_oembed_caf01abe71309dc253791159ac4336cb":null,"_sgpb_original":null,"sg_popup_events_preview":null,"sg_popup_options_preview":null,"sg_popup_target_preview":null,"user_registration_form_setting_redirect_options":null,"_oembed_10c4a1529e884332ff612b45feeae083":null,"_bbp_forum_id":null,"_bbp_last_topic_id":null,"_bbp_last_reply_id":null,"_bbp_last_active_id":null,"_form":null,"_mail":null,"_mail_2":null,"_messages":null,"_additional_settings":null,"_locale":null,"_elementor_css":null,"_menu_sgpb_popup_id":null,"_oembed_bbc07775835a27fca3dab6de0a78c453":null,"cmplz_tc_document_status":null,"_oembed_a8eea5673581fdb5da3c215c1676eaf2":null,"_oembed_time_a8eea5673581fdb5da3c215c1676eaf2":null,"_bbp_forum_type":null,"_bbp_status":null,"_bbp_total_reply_count_hidden":null,"_wp_page_template":null,"_edit_last":"1564","_edit_lock":"1773667675:1564","_su_rich_snippet_type":null,"xyz_fbap":null,"xyz_fbap_insert_og":null,"_thumbnail_id":null,"_jetpack_dont_email_post_to_subs":null,"_su_title":null,"_cmplz_scanned_post":"1","xyz_fbap_future_to_publish":null,"_wp_old_slug":null,"_wp_old_date":null,"cmplz_hide_cookiebanner":"","_elementor_template_type":null,"_elementor_edit_mode":null,"_elementor_data":null,"_elementor_version":null,"_elementor_controls_usage":null,"classic-editor-remember":null,"_wp_trash_meta_status":null,"_wp_trash_meta_time":null,"_wp_desired_post_slug":null,"yoast_head":"<!-- This site is optimized with the Yoast SEO plugin v27.4 - https:\/\/yoast.com\/product\/yoast-seo-wordpress\/ -->\n<title>\u00c9lections municipales : Questionnaire de Lion Environnement aux listes candidates. Leurs r\u00e9ponses respectives \u00e0 la suite. - Lion Environnement<\/title>\n<meta name=\"robots\" content=\"index, follow, max-snippet:-1, max-image-preview:large, max-video-preview:-1\" \/>\n<link rel=\"canonical\" href=\"https:\/\/lion-environnement.org\/index.php\/2026\/01\/30\/elections-municipales-questionnaire-de-lion-environnement-aux-listes-candidates\/\" \/>\n<meta property=\"og:locale\" content=\"fr_FR\" \/>\n<meta property=\"og:type\" content=\"article\" \/>\n<meta property=\"og:title\" content=\"\u00c9lections municipales : Questionnaire de Lion Environnement aux listes candidates. Leurs r\u00e9ponses respectives \u00e0 la suite. - Lion Environnement\" \/>\n<meta property=\"og:description\" content=\"Ce questionnaire a \u00e9t\u00e9 valid\u00e9 par le Conseil d\u2019Administration de Lion Environnement. Il vise \u00e0 recueillir, au-del\u00e0 des intentions, les actions que votre liste souhaite engager dans le cadre communal ou supra local dans le cas o\u00f9 les comp\u00e9tences y sont transf\u00e9r\u00e9es (Caen la mer ou syndicats dont la commune est adh\u00e9rente). Les r\u00e9ponses \u00e0\u2026\" \/>\n<meta property=\"og:url\" content=\"https:\/\/lion-environnement.org\/index.php\/2026\/01\/30\/elections-municipales-questionnaire-de-lion-environnement-aux-listes-candidates\/\" \/>\n<meta property=\"og:site_name\" content=\"Lion Environnement\" \/>\n<meta property=\"article:publisher\" content=\"https:\/\/www.facebook.com\/LionEnvironnement\/?locale=fr_FR\" \/>\n<meta property=\"article:published_time\" content=\"2026-01-30T12:37:01+00:00\" \/>\n<meta property=\"article:modified_time\" content=\"2026-03-16T13:25:21+00:00\" \/>\n<meta name=\"author\" content=\"Annick D\" \/>\n<meta name=\"twitter:card\" content=\"summary_large_image\" \/>\n<meta name=\"twitter:label1\" content=\"\u00c9crit par\" \/>\n\t<meta name=\"twitter:data1\" content=\"Annick D\" \/>\n\t<meta name=\"twitter:label2\" content=\"Dur\u00e9e de lecture estim\u00e9e\" \/>\n\t<meta name=\"twitter:data2\" content=\"47 minutes\" \/>\n<script type=\"application\/ld+json\" class=\"yoast-schema-graph\">{\"@context\":\"https:\\\/\\\/schema.org\",\"@graph\":[{\"@type\":\"Article\",\"@id\":\"https:\\\/\\\/lion-environnement.org\\\/index.php\\\/2026\\\/01\\\/30\\\/elections-municipales-questionnaire-de-lion-environnement-aux-listes-candidates\\\/#article\",\"isPartOf\":{\"@id\":\"https:\\\/\\\/lion-environnement.org\\\/index.php\\\/2026\\\/01\\\/30\\\/elections-municipales-questionnaire-de-lion-environnement-aux-listes-candidates\\\/\"},\"author\":{\"name\":\"Annick D\",\"@id\":\"https:\\\/\\\/lion-environnement.org\\\/#\\\/schema\\\/person\\\/6f31a6acf77511185d5cd3fb4d580b38\"},\"headline\":\"\u00c9lections municipales : Questionnaire de Lion Environnement aux listes candidates. Leurs r\u00e9ponses respectives \u00e0 la suite.\",\"datePublished\":\"2026-01-30T12:37:01+00:00\",\"dateModified\":\"2026-03-16T13:25:21+00:00\",\"mainEntityOfPage\":{\"@id\":\"https:\\\/\\\/lion-environnement.org\\\/index.php\\\/2026\\\/01\\\/30\\\/elections-municipales-questionnaire-de-lion-environnement-aux-listes-candidates\\\/\"},\"wordCount\":10326,\"commentCount\":0,\"publisher\":{\"@id\":\"https:\\\/\\\/lion-environnement.org\\\/#organization\"},\"articleSection\":[\"actualit\u00e9s\",\"info externe\"],\"inLanguage\":\"fr-FR\",\"potentialAction\":[{\"@type\":\"CommentAction\",\"name\":\"Comment\",\"target\":[\"https:\\\/\\\/lion-environnement.org\\\/index.php\\\/2026\\\/01\\\/30\\\/elections-municipales-questionnaire-de-lion-environnement-aux-listes-candidates\\\/#respond\"]}]},{\"@type\":\"WebPage\",\"@id\":\"https:\\\/\\\/lion-environnement.org\\\/index.php\\\/2026\\\/01\\\/30\\\/elections-municipales-questionnaire-de-lion-environnement-aux-listes-candidates\\\/\",\"url\":\"https:\\\/\\\/lion-environnement.org\\\/index.php\\\/2026\\\/01\\\/30\\\/elections-municipales-questionnaire-de-lion-environnement-aux-listes-candidates\\\/\",\"name\":\"\u00c9lections municipales : Questionnaire de Lion Environnement aux listes candidates. Leurs r\u00e9ponses respectives \u00e0 la suite. - Lion Environnement\",\"isPartOf\":{\"@id\":\"https:\\\/\\\/lion-environnement.org\\\/#website\"},\"datePublished\":\"2026-01-30T12:37:01+00:00\",\"dateModified\":\"2026-03-16T13:25:21+00:00\",\"breadcrumb\":{\"@id\":\"https:\\\/\\\/lion-environnement.org\\\/index.php\\\/2026\\\/01\\\/30\\\/elections-municipales-questionnaire-de-lion-environnement-aux-listes-candidates\\\/#breadcrumb\"},\"inLanguage\":\"fr-FR\",\"potentialAction\":[{\"@type\":\"ReadAction\",\"target\":[\"https:\\\/\\\/lion-environnement.org\\\/index.php\\\/2026\\\/01\\\/30\\\/elections-municipales-questionnaire-de-lion-environnement-aux-listes-candidates\\\/\"]}]},{\"@type\":\"BreadcrumbList\",\"@id\":\"https:\\\/\\\/lion-environnement.org\\\/index.php\\\/2026\\\/01\\\/30\\\/elections-municipales-questionnaire-de-lion-environnement-aux-listes-candidates\\\/#breadcrumb\",\"itemListElement\":[{\"@type\":\"ListItem\",\"position\":1,\"name\":\"Accueil\",\"item\":\"https:\\\/\\\/lion-environnement.org\\\/\"},{\"@type\":\"ListItem\",\"position\":2,\"name\":\"\u00c9lections municipales : Questionnaire de Lion Environnement aux listes candidates. Leurs r\u00e9ponses respectives \u00e0 la suite.\"}]},{\"@type\":\"WebSite\",\"@id\":\"https:\\\/\\\/lion-environnement.org\\\/#website\",\"url\":\"https:\\\/\\\/lion-environnement.org\\\/\",\"name\":\"Lion Environnement\",\"description\":\"Lions nos \u00e9nergies pour pr\u00e9server l&#039;environnement et la sant\u00e9\",\"publisher\":{\"@id\":\"https:\\\/\\\/lion-environnement.org\\\/#organization\"},\"potentialAction\":[{\"@type\":\"SearchAction\",\"target\":{\"@type\":\"EntryPoint\",\"urlTemplate\":\"https:\\\/\\\/lion-environnement.org\\\/?s={search_term_string}\"},\"query-input\":{\"@type\":\"PropertyValueSpecification\",\"valueRequired\":true,\"valueName\":\"search_term_string\"}}],\"inLanguage\":\"fr-FR\"},{\"@type\":\"Organization\",\"@id\":\"https:\\\/\\\/lion-environnement.org\\\/#organization\",\"name\":\"Lion Environnement\",\"url\":\"https:\\\/\\\/lion-environnement.org\\\/\",\"logo\":{\"@type\":\"ImageObject\",\"inLanguage\":\"fr-FR\",\"@id\":\"https:\\\/\\\/lion-environnement.org\\\/#\\\/schema\\\/logo\\\/image\\\/\",\"url\":\"https:\\\/\\\/lion-environnement.org\\\/wp-content\\\/uploads\\\/2016\\\/04\\\/logoLElongWeb-1.jpg\",\"contentUrl\":\"https:\\\/\\\/lion-environnement.org\\\/wp-content\\\/uploads\\\/2016\\\/04\\\/logoLElongWeb-1.jpg\",\"width\":487,\"height\":113,\"caption\":\"Lion Environnement\"},\"image\":{\"@id\":\"https:\\\/\\\/lion-environnement.org\\\/#\\\/schema\\\/logo\\\/image\\\/\"},\"sameAs\":[\"https:\\\/\\\/www.facebook.com\\\/LionEnvironnement\\\/?locale=fr_FR\",\"https:\\\/\\\/www.instagram.com\\\/environnementlion\"]},{\"@type\":\"Person\",\"@id\":\"https:\\\/\\\/lion-environnement.org\\\/#\\\/schema\\\/person\\\/6f31a6acf77511185d5cd3fb4d580b38\",\"name\":\"Annick D\",\"image\":{\"@type\":\"ImageObject\",\"inLanguage\":\"fr-FR\",\"@id\":\"https:\\\/\\\/secure.gravatar.com\\\/avatar\\\/4c75a3125d3fa0de38b5e7e0fc438f62acf8503b843f353f9519a63aaa0e92d1?s=96&d=mm&r=g\",\"url\":\"https:\\\/\\\/secure.gravatar.com\\\/avatar\\\/4c75a3125d3fa0de38b5e7e0fc438f62acf8503b843f353f9519a63aaa0e92d1?s=96&d=mm&r=g\",\"contentUrl\":\"https:\\\/\\\/secure.gravatar.com\\\/avatar\\\/4c75a3125d3fa0de38b5e7e0fc438f62acf8503b843f353f9519a63aaa0e92d1?s=96&d=mm&r=g\",\"caption\":\"Annick D\"},\"url\":\"https:\\\/\\\/lion-environnement.org\\\/index.php\\\/author\\\/annick27\\\/\"}]}<\/script>\n<!-- \/ Yoast SEO plugin. -->","yoast_head_json":{"title":"\u00c9lections municipales : Questionnaire de Lion Environnement aux listes candidates. Leurs r\u00e9ponses respectives \u00e0 la suite. - Lion Environnement","robots":{"index":"index","follow":"follow","max-snippet":"max-snippet:-1","max-image-preview":"max-image-preview:large","max-video-preview":"max-video-preview:-1"},"canonical":"https:\/\/lion-environnement.org\/index.php\/2026\/01\/30\/elections-municipales-questionnaire-de-lion-environnement-aux-listes-candidates\/","og_locale":"fr_FR","og_type":"article","og_title":"\u00c9lections municipales : Questionnaire de Lion Environnement aux listes candidates. Leurs r\u00e9ponses respectives \u00e0 la suite. - Lion Environnement","og_description":"Ce questionnaire a \u00e9t\u00e9 valid\u00e9 par le Conseil d\u2019Administration de Lion Environnement. Il vise \u00e0 recueillir, au-del\u00e0 des intentions, les actions que votre liste souhaite engager dans le cadre communal ou supra local dans le cas o\u00f9 les comp\u00e9tences y sont transf\u00e9r\u00e9es (Caen la mer ou syndicats dont la commune est adh\u00e9rente). Les r\u00e9ponses \u00e0\u2026","og_url":"https:\/\/lion-environnement.org\/index.php\/2026\/01\/30\/elections-municipales-questionnaire-de-lion-environnement-aux-listes-candidates\/","og_site_name":"Lion Environnement","article_publisher":"https:\/\/www.facebook.com\/LionEnvironnement\/?locale=fr_FR","article_published_time":"2026-01-30T12:37:01+00:00","article_modified_time":"2026-03-16T13:25:21+00:00","author":"Annick D","twitter_card":"summary_large_image","twitter_misc":{"\u00c9crit par":"Annick D","Dur\u00e9e de lecture estim\u00e9e":"47 minutes"},"schema":{"@context":"https:\/\/schema.org","@graph":[{"@type":"Article","@id":"https:\/\/lion-environnement.org\/index.php\/2026\/01\/30\/elections-municipales-questionnaire-de-lion-environnement-aux-listes-candidates\/#article","isPartOf":{"@id":"https:\/\/lion-environnement.org\/index.php\/2026\/01\/30\/elections-municipales-questionnaire-de-lion-environnement-aux-listes-candidates\/"},"author":{"name":"Annick D","@id":"https:\/\/lion-environnement.org\/#\/schema\/person\/6f31a6acf77511185d5cd3fb4d580b38"},"headline":"\u00c9lections municipales : Questionnaire de Lion Environnement aux listes candidates. Leurs r\u00e9ponses respectives \u00e0 la suite.","datePublished":"2026-01-30T12:37:01+00:00","dateModified":"2026-03-16T13:25:21+00:00","mainEntityOfPage":{"@id":"https:\/\/lion-environnement.org\/index.php\/2026\/01\/30\/elections-municipales-questionnaire-de-lion-environnement-aux-listes-candidates\/"},"wordCount":10326,"commentCount":0,"publisher":{"@id":"https:\/\/lion-environnement.org\/#organization"},"articleSection":["actualit\u00e9s","info externe"],"inLanguage":"fr-FR","potentialAction":[{"@type":"CommentAction","name":"Comment","target":["https:\/\/lion-environnement.org\/index.php\/2026\/01\/30\/elections-municipales-questionnaire-de-lion-environnement-aux-listes-candidates\/#respond"]}]},{"@type":"WebPage","@id":"https:\/\/lion-environnement.org\/index.php\/2026\/01\/30\/elections-municipales-questionnaire-de-lion-environnement-aux-listes-candidates\/","url":"https:\/\/lion-environnement.org\/index.php\/2026\/01\/30\/elections-municipales-questionnaire-de-lion-environnement-aux-listes-candidates\/","name":"\u00c9lections municipales : Questionnaire de Lion Environnement aux listes candidates. Leurs r\u00e9ponses respectives \u00e0 la suite. - Lion Environnement","isPartOf":{"@id":"https:\/\/lion-environnement.org\/#website"},"datePublished":"2026-01-30T12:37:01+00:00","dateModified":"2026-03-16T13:25:21+00:00","breadcrumb":{"@id":"https:\/\/lion-environnement.org\/index.php\/2026\/01\/30\/elections-municipales-questionnaire-de-lion-environnement-aux-listes-candidates\/#breadcrumb"},"inLanguage":"fr-FR","potentialAction":[{"@type":"ReadAction","target":["https:\/\/lion-environnement.org\/index.php\/2026\/01\/30\/elections-municipales-questionnaire-de-lion-environnement-aux-listes-candidates\/"]}]},{"@type":"BreadcrumbList","@id":"https:\/\/lion-environnement.org\/index.php\/2026\/01\/30\/elections-municipales-questionnaire-de-lion-environnement-aux-listes-candidates\/#breadcrumb","itemListElement":[{"@type":"ListItem","position":1,"name":"Accueil","item":"https:\/\/lion-environnement.org\/"},{"@type":"ListItem","position":2,"name":"\u00c9lections municipales : Questionnaire de Lion Environnement aux listes candidates. Leurs r\u00e9ponses respectives \u00e0 la suite."}]},{"@type":"WebSite","@id":"https:\/\/lion-environnement.org\/#website","url":"https:\/\/lion-environnement.org\/","name":"Lion Environnement","description":"Lions nos \u00e9nergies pour pr\u00e9server l&#039;environnement et la sant\u00e9","publisher":{"@id":"https:\/\/lion-environnement.org\/#organization"},"potentialAction":[{"@type":"SearchAction","target":{"@type":"EntryPoint","urlTemplate":"https:\/\/lion-environnement.org\/?s={search_term_string}"},"query-input":{"@type":"PropertyValueSpecification","valueRequired":true,"valueName":"search_term_string"}}],"inLanguage":"fr-FR"},{"@type":"Organization","@id":"https:\/\/lion-environnement.org\/#organization","name":"Lion Environnement","url":"https:\/\/lion-environnement.org\/","logo":{"@type":"ImageObject","inLanguage":"fr-FR","@id":"https:\/\/lion-environnement.org\/#\/schema\/logo\/image\/","url":"https:\/\/lion-environnement.org\/wp-content\/uploads\/2016\/04\/logoLElongWeb-1.jpg","contentUrl":"https:\/\/lion-environnement.org\/wp-content\/uploads\/2016\/04\/logoLElongWeb-1.jpg","width":487,"height":113,"caption":"Lion Environnement"},"image":{"@id":"https:\/\/lion-environnement.org\/#\/schema\/logo\/image\/"},"sameAs":["https:\/\/www.facebook.com\/LionEnvironnement\/?locale=fr_FR","https:\/\/www.instagram.com\/environnementlion"]},{"@type":"Person","@id":"https:\/\/lion-environnement.org\/#\/schema\/person\/6f31a6acf77511185d5cd3fb4d580b38","name":"Annick D","image":{"@type":"ImageObject","inLanguage":"fr-FR","@id":"https:\/\/secure.gravatar.com\/avatar\/4c75a3125d3fa0de38b5e7e0fc438f62acf8503b843f353f9519a63aaa0e92d1?s=96&d=mm&r=g","url":"https:\/\/secure.gravatar.com\/avatar\/4c75a3125d3fa0de38b5e7e0fc438f62acf8503b843f353f9519a63aaa0e92d1?s=96&d=mm&r=g","contentUrl":"https:\/\/secure.gravatar.com\/avatar\/4c75a3125d3fa0de38b5e7e0fc438f62acf8503b843f353f9519a63aaa0e92d1?s=96&d=mm&r=g","caption":"Annick D"},"url":"https:\/\/lion-environnement.org\/index.php\/author\/annick27\/"}]}},"_links":{"self":[{"href":"https:\/\/lion-environnement.org\/index.php\/wp-json\/wp\/v2\/posts\/9325","targetHints":{"allow":["GET"]}}],"collection":[{"href":"https:\/\/lion-environnement.org\/index.php\/wp-json\/wp\/v2\/posts"}],"about":[{"href":"https:\/\/lion-environnement.org\/index.php\/wp-json\/wp\/v2\/types\/post"}],"author":[{"embeddable":true,"href":"https:\/\/lion-environnement.org\/index.php\/wp-json\/wp\/v2\/users\/1564"}],"replies":[{"embeddable":true,"href":"https:\/\/lion-environnement.org\/index.php\/wp-json\/wp\/v2\/comments?post=9325"}],"version-history":[{"count":12,"href":"https:\/\/lion-environnement.org\/index.php\/wp-json\/wp\/v2\/posts\/9325\/revisions"}],"predecessor-version":[{"id":9386,"href":"https:\/\/lion-environnement.org\/index.php\/wp-json\/wp\/v2\/posts\/9325\/revisions\/9386"}],"wp:attachment":[{"href":"https:\/\/lion-environnement.org\/index.php\/wp-json\/wp\/v2\/media?parent=9325"}],"wp:term":[{"taxonomy":"category","embeddable":true,"href":"https:\/\/lion-environnement.org\/index.php\/wp-json\/wp\/v2\/categories?post=9325"},{"taxonomy":"post_tag","embeddable":true,"href":"https:\/\/lion-environnement.org\/index.php\/wp-json\/wp\/v2\/tags?post=9325"}],"curies":[{"name":"wp","href":"https:\/\/api.w.org\/{rel}","templated":true}]}}