{"id":7503,"date":"2023-04-02T20:24:47","date_gmt":"2023-04-02T18:24:47","guid":{"rendered":"https:\/\/lion-environnement.org\/?p=7503"},"modified":"2023-04-17T12:28:18","modified_gmt":"2023-04-17T10:28:18","slug":"a-partir-davril-sur-la-plage-on-regarde-ou-on-met-les-pieds-protegeons-les-oeufs-et-les-poussins-de-gravelots-a-collier-interrompu","status":"publish","type":"post","link":"https:\/\/lion-environnement.org\/index.php\/2023\/04\/02\/a-partir-davril-sur-la-plage-on-regarde-ou-on-met-les-pieds-protegeons-les-oeufs-et-les-poussins-de-gravelots-a-collier-interrompu\/","title":{"rendered":"A partir d&rsquo;avril, sur la plage, on regarde o\u00f9 on met les pieds! Prot\u00e9geons les \u0153ufs et les poussins de gravelots \u00e0 collier interrompu."},"content":{"rendered":"\n<div class=\"wp-block-columns is-layout-flex wp-container-core-columns-is-layout-9d6595d7 wp-block-columns-is-layout-flex\">\n<div class=\"wp-block-column is-layout-flow wp-block-column-is-layout-flow\"><div class=\"wp-block-image\">\n<figure class=\"alignleft size-medium is-resized\"><img loading=\"lazy\" decoding=\"async\" src=\"https:\/\/lion-environnement.org\/wp-content\/uploads\/2023\/03\/Screenshot_2023-02-26-10-20-57-899-edit_com.google.android.googlequicksearchbox-e1678205898924-296x300.jpg\" alt=\"\" class=\"wp-image-7504\" width=\"266\" height=\"270\" srcset=\"https:\/\/lion-environnement.org\/wp-content\/uploads\/2023\/03\/Screenshot_2023-02-26-10-20-57-899-edit_com.google.android.googlequicksearchbox-e1678205898924-296x300.jpg 296w, https:\/\/lion-environnement.org\/wp-content\/uploads\/2023\/03\/Screenshot_2023-02-26-10-20-57-899-edit_com.google.android.googlequicksearchbox-e1678205898924.jpg 600w\" sizes=\"auto, (max-width: 266px) 100vw, 266px\" \/><\/figure>\n<\/div><\/div>\n\n\n\n<div class=\"wp-block-column is-layout-flow wp-block-column-is-layout-flow\"><div class=\"wp-block-image\">\n<figure class=\"aligncenter size-large is-resized\"><img loading=\"lazy\" decoding=\"async\" src=\"https:\/\/lion-environnement.org\/wp-content\/uploads\/2023\/03\/carte-rivage-Lion-sur-mer-1024x704.jpg\" alt=\"\" class=\"wp-image-7505\" width=\"587\" height=\"402\" srcset=\"https:\/\/lion-environnement.org\/wp-content\/uploads\/2023\/03\/carte-rivage-Lion-sur-mer-300x206.jpg 300w, https:\/\/lion-environnement.org\/wp-content\/uploads\/2023\/03\/carte-rivage-Lion-sur-mer.jpg 1080w\" sizes=\"auto, (max-width: 587px) 100vw, 587px\" \/><\/figure>\n<\/div><\/div>\n<\/div>\n\n\n\n<p class=\"has-text-align-left\"><strong>Entre mi-avril et mi-ao\u00fbt<\/strong>, quelques dizaines de couples de <strong>gravelots \u00e0 collier interrompu<\/strong>, <strong>oiseau migrateur prot\u00e9g\u00e9<\/strong> \u00e0 l&rsquo;\u00e9chelle europ\u00e9enne, vont venir se reproduire et nidifier sur le littoral calvadosien. En 2022, 60 \u00e0 70 couples ont \u00e9t\u00e9 recens\u00e9s dans le Calvados.<\/p>\n\n\n\n<p>Dans notre secteur, ils nichent ordinairement sur le haut de la <strong>plage d&rsquo;Hermanville<\/strong>, au niveau de la laisse de haute mer qui va nourrir les adultes aussi bien que les poussins une fois \u00e9clos. Chaque couv\u00e9e se compose en g\u00e9n\u00e9ral de trois \u0153ufs et leur couleur se confond tr\u00e8s bien avec leur environnement. On peut les confondre avec des petits galets. La couvaison est assur\u00e9e par le m\u00e2le et la femelle qui vont se relayer pour prot\u00e9ger le nid car la liste des pr\u00e9dations est longue: promeneurs, chiens en libert\u00e9, grandes mar\u00e9es, corneilles. Gr\u00e2ce \u00e0 la pose de cages sur les nids rep\u00e9r\u00e9s, 60% des \u0153ufs arrivent \u00e0 \u00e9closion contre 8% si on laisse les choses se faire naturellement.<\/p>\n\n\n\n<div class=\"wp-block-columns is-layout-flex wp-container-core-columns-is-layout-9d6595d7 wp-block-columns-is-layout-flex\">\n<div class=\"wp-block-column is-layout-flow wp-block-column-is-layout-flow\"><div class=\"wp-block-image\">\n<figure class=\"alignright size-thumbnail is-resized\"><img loading=\"lazy\" decoding=\"async\" src=\"https:\/\/lion-environnement.org\/wp-content\/uploads\/2023\/03\/nid-gravelot-150x150.jpg\" alt=\"\" class=\"wp-image-7549\" width=\"275\" height=\"275\" srcset=\"https:\/\/lion-environnement.org\/wp-content\/uploads\/2023\/03\/nid-gravelot-150x150.jpg 150w, https:\/\/lion-environnement.org\/wp-content\/uploads\/2023\/03\/nid-gravelot-300x300.jpg 300w, https:\/\/lion-environnement.org\/wp-content\/uploads\/2023\/03\/nid-gravelot-1024x1024.jpg 1024w, https:\/\/lion-environnement.org\/wp-content\/uploads\/2023\/03\/nid-gravelot-768x768.jpg 768w, https:\/\/lion-environnement.org\/wp-content\/uploads\/2023\/03\/nid-gravelot.jpg 1080w\" sizes=\"auto, (max-width: 275px) 100vw, 275px\" \/><\/figure>\n<\/div><\/div>\n\n\n\n<div class=\"wp-block-column is-layout-flow wp-block-column-is-layout-flow\"><div class=\"wp-block-image\">\n<figure class=\"alignleft size-full is-resized\"><img loading=\"lazy\" decoding=\"async\" src=\"https:\/\/lion-environnement.org\/wp-content\/uploads\/2023\/03\/poussins.jpg\" alt=\"\" class=\"wp-image-7551\" width=\"275\" height=\"275\" srcset=\"https:\/\/lion-environnement.org\/wp-content\/uploads\/2023\/03\/poussins.jpg 177w, https:\/\/lion-environnement.org\/wp-content\/uploads\/2023\/03\/poussins-150x150.jpg 150w\" sizes=\"auto, (max-width: 275px) 100vw, 275px\" \/><\/figure>\n<\/div><\/div>\n<\/div>\n\n\n\n<p>A Hermanville-sur-mer, en 2022, 41 nids ont \u00e9t\u00e9 recens\u00e9s soit 112 \u0153ufs. On ne peut parler de r\u00e9ussite que sur 15 nids o\u00f9 41 poussins ont \u00e9clos parmi lesquels seulement 24 ont pris leur envol. Les adultes et les rares jeunes arriv\u00e9s \u00e0 l&rsquo;envol gagnent le sud de l&rsquo;Espagne \u00e0 l&rsquo;automne.<\/p>\n\n\n\n<p>Vous l&rsquo;avez donc compris, pendant cette p\u00e9riode, afin de <strong>limiter au maximum les d\u00e9rangements<\/strong> et le risque de marcher sur les nids et les \u0153ufs,<strong> on privil\u00e9gie la promenade sur la partie basse la plage,<\/strong> on ne pi\u00e9tine pas la laisse de haute mer ni les zones enherb\u00e9es. On est attentif au petit sifflement caract\u00e9ristique du gravelot en d\u00e9tresse si l&rsquo;on approche trop pr\u00e8s du nid.<\/p>\n\n\n\n<div class=\"wp-block-columns is-layout-flex wp-container-core-columns-is-layout-9d6595d7 wp-block-columns-is-layout-flex\">\n<div class=\"wp-block-column is-layout-flow wp-block-column-is-layout-flow\"><div class=\"wp-block-image\">\n<figure class=\"aligncenter size-large is-resized\"><img loading=\"lazy\" decoding=\"async\" src=\"https:\/\/lion-environnement.org\/wp-content\/uploads\/2023\/03\/preconisations-gravelots-952x1024.jpg\" alt=\"\" class=\"wp-image-7512\" width=\"324\" height=\"347\" srcset=\"https:\/\/lion-environnement.org\/wp-content\/uploads\/2023\/03\/preconisations-gravelots-279x300.jpg 279w, https:\/\/lion-environnement.org\/wp-content\/uploads\/2023\/03\/preconisations-gravelots-768x826.jpg 768w\" sizes=\"auto, (max-width: 324px) 100vw, 324px\" \/><\/figure>\n<\/div><\/div>\n<\/div>\n\n\n\n<p>Documentation : CPIE Vall\u00e9e de l&rsquo;Orne\/Rivage propre et Groupe Ornithologique Normand<\/p>\n","protected":false},"excerpt":{"rendered":"<p>Entre mi-avril et mi-ao\u00fbt, quelques dizaines de couples de gravelots \u00e0 collier interrompu, oiseau migrateur prot\u00e9g\u00e9 \u00e0 l&rsquo;\u00e9chelle europ\u00e9enne, vont venir se reproduire et nidifier sur le littoral calvadosien. En 2022, 60 \u00e0 70 couples ont \u00e9t\u00e9 recens\u00e9s dans le Calvados. Dans notre secteur, ils nichent ordinairement sur le haut de la plage d&rsquo;Hermanville, au\u2026<\/p>\n","protected":false},"author":1564,"featured_media":0,"comment_status":"open","ping_status":"open","sticky":false,"template":"","format":"standard","meta":{"footnotes":""},"categories":[5,51,138,11,53],"tags":[72,108,137],"class_list":["post-7503","post","type-post","status-publish","format-standard","hentry","category-actualite","category-faune","category-gci","category-nettoyage-plage","category-rivage","tag-biodiversite","tag-gravelot","tag-littoral"],"_wp_attached_file":null,"_wp_attachment_metadata":null,"_menu_item_type":null,"_menu_item_menu_item_parent":null,"_menu_item_object_id":null,"_menu_item_object":null,"_menu_item_target":null,"_menu_item_classes":null,"_menu_item_xfn":null,"_menu_item_url":null,"_eventorganiser_event_schedule":null,"_eventorganiser_schedule_until":null,"_wpas_done_all":null,"_eventorganiser_schedule_start_start":null,"_eventorganiser_schedule_start_finish":null,"_eventorganiser_schedule_last_start":null,"_eventorganiser_schedule_last_finish":null,"_wp_attachment_backup_sizes":null,"_wp_attachment_context":null,"event_address":null,"event_start_date":null,"event_to_time":null,"event_from_time":null,"event_end_date":null,"_oembed_7e6c0eb53f1b87dceeb7157df4c64ecd":null,"_oembed_ac860e2f1183d5fbf8efad3e14b2b998":null,"_oembed_2fa3d1dc2e72f2f3db15582a07766e9d":null,"_oembed_ba1f94dfef6f2f056282005c87e1dd1f":null,"_oembed_b4fa8c58de01621c3377349423193585":null,"_oembed_2c076515dc13114e0a07a701157042d8":null,"_oembed_time_2c076515dc13114e0a07a701157042d8":null,"_su_description":null,"_wp_attachment_is_custom_header":null,"_wp_attachment_custom_header_last_used_enigma":null,"_mc_event_shortcode":null,"_mc_event_access":null,"_mc_event_id":null,"_mc_event_desc":null,"_mc_event_image":null,"_event_time_label":null,"_mc_event_data":null,"_snap_forceSURL":null,"snap_MYURL":null,"snapEdIT":null,"_mc_event_location":null,"_oembed_cdb00187755a40067dfed1152b83fa85":null,"_oembed_2a2b1181a4872c3fcae632ccb831338e":null,"_oembed_223e8f80fcafbbb0e655c3b852ad258b":null,"_oembed_f2dbc4e0e03552dca3704dc9d3b35b81":null,"_oembed_0f31e9c8d775433415a564642134b876":null,"_oembed_37f37d6d5d0f763259b5f2d5c6698765":null,"_oembed_7d585094b05c3c88729a16a5d0b76382":null,"_oembed_49e3f6fef25f62658e66c1baa5716b3c":null,"_oembed_3bbcd6cd9ba0f8e8cead97d8bddbbbae":null,"_oembed_6107383b394908a78bf711554ae8a1e4":null,"_oembed_5d6a5ae5cd2e93d5022ed2485426fcf4":null,"_oembed_422f96ea83a4884539ceb42326a11ee5":null,"_oembed_ab6628735dc0e2101ba08ec87fcef1b7":null,"_oembed_75bd89488fe790d8e4f203396bb84c81":null,"_oembed_time_75bd89488fe790d8e4f203396bb84c81":null,"_oembed_c6d8784021cf1310fe080cd343275a5a":null,"_oembed_time_c6d8784021cf1310fe080cd343275a5a":null,"_wp_attachment_custom_header_last_used_greenigma":null,"_wp_attachment_is_custom_background":null,"enclosure":null,"_oembed_3bca2a21e398bc75f8a1b2ec60f88d23":null,"_oembed_25600d5f25f51af7be904b38ccae40ec":null,"_oembed_time_25600d5f25f51af7be904b38ccae40ec":null,"_mc_guid":null,"_mc4wp_settings":null,"text_subscribed":null,"text_invalid_email":null,"text_required_field_missing":null,"text_already_subscribed":null,"text_error":null,"text_unsubscribed":null,"text_not_subscribed":null,"text_no_lists_selected":null,"text_updated":null,"_bbp_reply_count_hidden":null,"_bbp_topic_count_hidden":null,"_bbp_total_topic_count":null,"_bbp_topic_count":null,"_bbp_total_reply_count":null,"_bbp_reply_count":null,"_bbp_forum_subforum_count":null,"_bbp_last_active_time":null,"user_registration_form_setting_default_user_role":null,"user_registration_form_setting_enable_strong_password":null,"user_registration_form_setting_minimum_password_strength":null,"user_registration_form_setting_form_submit_label":null,"user_registration_form_setting_enable_recaptcha_support":null,"user_registration_form_template":null,"user_registration_form_custom_class":null,"_oembed_ef95b2b98f04716f23e0a4eed7816e1b":null,"_oembed_time_ef95b2b98f04716f23e0a4eed7816e1b":null,"_wp_attachment_image_alt":null,"_mc_event_date":null,"_customize_changeset_uuid":null,"sg_popup_target":null,"sg_popup_events":null,"sg_popup_options":null,"_oembed_caf01abe71309dc253791159ac4336cb":null,"_sgpb_original":null,"sg_popup_events_preview":null,"sg_popup_options_preview":null,"sg_popup_target_preview":null,"user_registration_form_setting_redirect_options":null,"_oembed_10c4a1529e884332ff612b45feeae083":null,"_bbp_forum_id":null,"_bbp_last_topic_id":null,"_bbp_last_reply_id":null,"_bbp_last_active_id":null,"_form":null,"_mail":null,"_mail_2":null,"_messages":null,"_additional_settings":null,"_locale":null,"_elementor_css":null,"_menu_sgpb_popup_id":null,"_oembed_bbc07775835a27fca3dab6de0a78c453":null,"cmplz_tc_document_status":null,"_oembed_a8eea5673581fdb5da3c215c1676eaf2":null,"_oembed_time_a8eea5673581fdb5da3c215c1676eaf2":null,"_bbp_forum_type":null,"_bbp_status":null,"_bbp_total_reply_count_hidden":null,"_wp_page_template":null,"_edit_last":"1559","_edit_lock":"1715081588:1564","_su_rich_snippet_type":"none","xyz_fbap":null,"xyz_fbap_insert_og":null,"_thumbnail_id":null,"_jetpack_dont_email_post_to_subs":null,"_su_title":null,"_cmplz_scanned_post":"1","xyz_fbap_future_to_publish":null,"_wp_old_slug":null,"_wp_old_date":null,"cmplz_hide_cookiebanner":null,"_elementor_template_type":null,"_elementor_edit_mode":null,"_elementor_data":null,"_elementor_version":null,"_elementor_controls_usage":null,"classic-editor-remember":null,"_wp_trash_meta_status":null,"_wp_trash_meta_time":null,"_wp_desired_post_slug":null,"yoast_head":"<!-- This site is optimized with the Yoast SEO plugin v27.4 - https:\/\/yoast.com\/product\/yoast-seo-wordpress\/ -->\n<title>A partir d&#039;avril, sur la plage, on regarde o\u00f9 on met les pieds! Prot\u00e9geons les \u0153ufs et les poussins de gravelots \u00e0 collier interrompu. - Lion Environnement<\/title>\n<meta name=\"robots\" content=\"index, follow, max-snippet:-1, max-image-preview:large, max-video-preview:-1\" \/>\n<link rel=\"canonical\" href=\"https:\/\/lion-environnement.org\/index.php\/2023\/04\/02\/a-partir-davril-sur-la-plage-on-regarde-ou-on-met-les-pieds-protegeons-les-oeufs-et-les-poussins-de-gravelots-a-collier-interrompu\/\" \/>\n<meta property=\"og:locale\" content=\"fr_FR\" \/>\n<meta property=\"og:type\" content=\"article\" \/>\n<meta property=\"og:title\" content=\"A partir d&#039;avril, sur la plage, on regarde o\u00f9 on met les pieds! Prot\u00e9geons les \u0153ufs et les poussins de gravelots \u00e0 collier interrompu. - Lion Environnement\" \/>\n<meta property=\"og:description\" content=\"Entre mi-avril et mi-ao\u00fbt, quelques dizaines de couples de gravelots \u00e0 collier interrompu, oiseau migrateur prot\u00e9g\u00e9 \u00e0 l&rsquo;\u00e9chelle europ\u00e9enne, vont venir se reproduire et nidifier sur le littoral calvadosien. En 2022, 60 \u00e0 70 couples ont \u00e9t\u00e9 recens\u00e9s dans le Calvados. Dans notre secteur, ils nichent ordinairement sur le haut de la plage d&rsquo;Hermanville, au\u2026\" \/>\n<meta property=\"og:url\" content=\"https:\/\/lion-environnement.org\/index.php\/2023\/04\/02\/a-partir-davril-sur-la-plage-on-regarde-ou-on-met-les-pieds-protegeons-les-oeufs-et-les-poussins-de-gravelots-a-collier-interrompu\/\" \/>\n<meta property=\"og:site_name\" content=\"Lion Environnement\" \/>\n<meta property=\"article:publisher\" content=\"https:\/\/www.facebook.com\/LionEnvironnement\/?locale=fr_FR\" \/>\n<meta property=\"article:published_time\" content=\"2023-04-02T18:24:47+00:00\" \/>\n<meta property=\"article:modified_time\" content=\"2023-04-17T10:28:18+00:00\" \/>\n<meta property=\"og:image\" content=\"https:\/\/lion-environnement.org\/wp-content\/uploads\/2023\/03\/Screenshot_2023-02-26-10-20-57-899-edit_com.google.android.googlequicksearchbox-e1678205898924.jpg\" \/>\n\t<meta property=\"og:image:width\" content=\"600\" \/>\n\t<meta property=\"og:image:height\" content=\"608\" \/>\n\t<meta property=\"og:image:type\" content=\"image\/jpeg\" \/>\n<meta name=\"author\" content=\"Annick D\" \/>\n<meta name=\"twitter:card\" content=\"summary_large_image\" \/>\n<meta name=\"twitter:label1\" content=\"\u00c9crit par\" \/>\n\t<meta name=\"twitter:data1\" content=\"Annick D\" \/>\n\t<meta name=\"twitter:label2\" content=\"Dur\u00e9e de lecture estim\u00e9e\" \/>\n\t<meta name=\"twitter:data2\" content=\"1 minute\" \/>\n<script type=\"application\/ld+json\" class=\"yoast-schema-graph\">{\"@context\":\"https:\\\/\\\/schema.org\",\"@graph\":[{\"@type\":\"Article\",\"@id\":\"https:\\\/\\\/lion-environnement.org\\\/index.php\\\/2023\\\/04\\\/02\\\/a-partir-davril-sur-la-plage-on-regarde-ou-on-met-les-pieds-protegeons-les-oeufs-et-les-poussins-de-gravelots-a-collier-interrompu\\\/#article\",\"isPartOf\":{\"@id\":\"https:\\\/\\\/lion-environnement.org\\\/index.php\\\/2023\\\/04\\\/02\\\/a-partir-davril-sur-la-plage-on-regarde-ou-on-met-les-pieds-protegeons-les-oeufs-et-les-poussins-de-gravelots-a-collier-interrompu\\\/\"},\"author\":{\"name\":\"Annick D\",\"@id\":\"https:\\\/\\\/lion-environnement.org\\\/#\\\/schema\\\/person\\\/6f31a6acf77511185d5cd3fb4d580b38\"},\"headline\":\"A partir d&rsquo;avril, sur la plage, on regarde o\u00f9 on met les pieds! Prot\u00e9geons les \u0153ufs et les poussins de gravelots \u00e0 collier interrompu.\",\"datePublished\":\"2023-04-02T18:24:47+00:00\",\"dateModified\":\"2023-04-17T10:28:18+00:00\",\"mainEntityOfPage\":{\"@id\":\"https:\\\/\\\/lion-environnement.org\\\/index.php\\\/2023\\\/04\\\/02\\\/a-partir-davril-sur-la-plage-on-regarde-ou-on-met-les-pieds-protegeons-les-oeufs-et-les-poussins-de-gravelots-a-collier-interrompu\\\/\"},\"wordCount\":331,\"commentCount\":0,\"publisher\":{\"@id\":\"https:\\\/\\\/lion-environnement.org\\\/#organization\"},\"image\":{\"@id\":\"https:\\\/\\\/lion-environnement.org\\\/index.php\\\/2023\\\/04\\\/02\\\/a-partir-davril-sur-la-plage-on-regarde-ou-on-met-les-pieds-protegeons-les-oeufs-et-les-poussins-de-gravelots-a-collier-interrompu\\\/#primaryimage\"},\"thumbnailUrl\":\"https:\\\/\\\/lion-environnement.org\\\/wp-content\\\/uploads\\\/2023\\\/03\\\/Screenshot_2023-02-26-10-20-57-899-edit_com.google.android.googlequicksearchbox-e1678205898924-296x300.jpg\",\"keywords\":[\"biodiversit\u00e9\",\"gravelot\",\"littoral\"],\"articleSection\":[\"actualit\u00e9s\",\"faune\",\"gravelot\",\"nettoyage de plage\",\"rivage\"],\"inLanguage\":\"fr-FR\",\"potentialAction\":[{\"@type\":\"CommentAction\",\"name\":\"Comment\",\"target\":[\"https:\\\/\\\/lion-environnement.org\\\/index.php\\\/2023\\\/04\\\/02\\\/a-partir-davril-sur-la-plage-on-regarde-ou-on-met-les-pieds-protegeons-les-oeufs-et-les-poussins-de-gravelots-a-collier-interrompu\\\/#respond\"]}]},{\"@type\":\"WebPage\",\"@id\":\"https:\\\/\\\/lion-environnement.org\\\/index.php\\\/2023\\\/04\\\/02\\\/a-partir-davril-sur-la-plage-on-regarde-ou-on-met-les-pieds-protegeons-les-oeufs-et-les-poussins-de-gravelots-a-collier-interrompu\\\/\",\"url\":\"https:\\\/\\\/lion-environnement.org\\\/index.php\\\/2023\\\/04\\\/02\\\/a-partir-davril-sur-la-plage-on-regarde-ou-on-met-les-pieds-protegeons-les-oeufs-et-les-poussins-de-gravelots-a-collier-interrompu\\\/\",\"name\":\"A partir d'avril, sur la plage, on regarde o\u00f9 on met les pieds! Prot\u00e9geons les \u0153ufs et les poussins de gravelots \u00e0 collier interrompu. - Lion Environnement\",\"isPartOf\":{\"@id\":\"https:\\\/\\\/lion-environnement.org\\\/#website\"},\"primaryImageOfPage\":{\"@id\":\"https:\\\/\\\/lion-environnement.org\\\/index.php\\\/2023\\\/04\\\/02\\\/a-partir-davril-sur-la-plage-on-regarde-ou-on-met-les-pieds-protegeons-les-oeufs-et-les-poussins-de-gravelots-a-collier-interrompu\\\/#primaryimage\"},\"image\":{\"@id\":\"https:\\\/\\\/lion-environnement.org\\\/index.php\\\/2023\\\/04\\\/02\\\/a-partir-davril-sur-la-plage-on-regarde-ou-on-met-les-pieds-protegeons-les-oeufs-et-les-poussins-de-gravelots-a-collier-interrompu\\\/#primaryimage\"},\"thumbnailUrl\":\"https:\\\/\\\/lion-environnement.org\\\/wp-content\\\/uploads\\\/2023\\\/03\\\/Screenshot_2023-02-26-10-20-57-899-edit_com.google.android.googlequicksearchbox-e1678205898924-296x300.jpg\",\"datePublished\":\"2023-04-02T18:24:47+00:00\",\"dateModified\":\"2023-04-17T10:28:18+00:00\",\"breadcrumb\":{\"@id\":\"https:\\\/\\\/lion-environnement.org\\\/index.php\\\/2023\\\/04\\\/02\\\/a-partir-davril-sur-la-plage-on-regarde-ou-on-met-les-pieds-protegeons-les-oeufs-et-les-poussins-de-gravelots-a-collier-interrompu\\\/#breadcrumb\"},\"inLanguage\":\"fr-FR\",\"potentialAction\":[{\"@type\":\"ReadAction\",\"target\":[\"https:\\\/\\\/lion-environnement.org\\\/index.php\\\/2023\\\/04\\\/02\\\/a-partir-davril-sur-la-plage-on-regarde-ou-on-met-les-pieds-protegeons-les-oeufs-et-les-poussins-de-gravelots-a-collier-interrompu\\\/\"]}]},{\"@type\":\"ImageObject\",\"inLanguage\":\"fr-FR\",\"@id\":\"https:\\\/\\\/lion-environnement.org\\\/index.php\\\/2023\\\/04\\\/02\\\/a-partir-davril-sur-la-plage-on-regarde-ou-on-met-les-pieds-protegeons-les-oeufs-et-les-poussins-de-gravelots-a-collier-interrompu\\\/#primaryimage\",\"url\":\"https:\\\/\\\/lion-environnement.org\\\/wp-content\\\/uploads\\\/2023\\\/03\\\/Screenshot_2023-02-26-10-20-57-899-edit_com.google.android.googlequicksearchbox-e1678205898924.jpg\",\"contentUrl\":\"https:\\\/\\\/lion-environnement.org\\\/wp-content\\\/uploads\\\/2023\\\/03\\\/Screenshot_2023-02-26-10-20-57-899-edit_com.google.android.googlequicksearchbox-e1678205898924.jpg\",\"width\":600,\"height\":608},{\"@type\":\"BreadcrumbList\",\"@id\":\"https:\\\/\\\/lion-environnement.org\\\/index.php\\\/2023\\\/04\\\/02\\\/a-partir-davril-sur-la-plage-on-regarde-ou-on-met-les-pieds-protegeons-les-oeufs-et-les-poussins-de-gravelots-a-collier-interrompu\\\/#breadcrumb\",\"itemListElement\":[{\"@type\":\"ListItem\",\"position\":1,\"name\":\"Accueil\",\"item\":\"https:\\\/\\\/lion-environnement.org\\\/\"},{\"@type\":\"ListItem\",\"position\":2,\"name\":\"A partir d&rsquo;avril, sur la plage, on regarde o\u00f9 on met les pieds! Prot\u00e9geons les \u0153ufs et les poussins de gravelots \u00e0 collier interrompu.\"}]},{\"@type\":\"WebSite\",\"@id\":\"https:\\\/\\\/lion-environnement.org\\\/#website\",\"url\":\"https:\\\/\\\/lion-environnement.org\\\/\",\"name\":\"Lion Environnement\",\"description\":\"Lions nos \u00e9nergies pour pr\u00e9server l&#039;environnement et la sant\u00e9\",\"publisher\":{\"@id\":\"https:\\\/\\\/lion-environnement.org\\\/#organization\"},\"potentialAction\":[{\"@type\":\"SearchAction\",\"target\":{\"@type\":\"EntryPoint\",\"urlTemplate\":\"https:\\\/\\\/lion-environnement.org\\\/?s={search_term_string}\"},\"query-input\":{\"@type\":\"PropertyValueSpecification\",\"valueRequired\":true,\"valueName\":\"search_term_string\"}}],\"inLanguage\":\"fr-FR\"},{\"@type\":\"Organization\",\"@id\":\"https:\\\/\\\/lion-environnement.org\\\/#organization\",\"name\":\"Lion Environnement\",\"url\":\"https:\\\/\\\/lion-environnement.org\\\/\",\"logo\":{\"@type\":\"ImageObject\",\"inLanguage\":\"fr-FR\",\"@id\":\"https:\\\/\\\/lion-environnement.org\\\/#\\\/schema\\\/logo\\\/image\\\/\",\"url\":\"https:\\\/\\\/lion-environnement.org\\\/wp-content\\\/uploads\\\/2016\\\/04\\\/logoLElongWeb-1.jpg\",\"contentUrl\":\"https:\\\/\\\/lion-environnement.org\\\/wp-content\\\/uploads\\\/2016\\\/04\\\/logoLElongWeb-1.jpg\",\"width\":487,\"height\":113,\"caption\":\"Lion Environnement\"},\"image\":{\"@id\":\"https:\\\/\\\/lion-environnement.org\\\/#\\\/schema\\\/logo\\\/image\\\/\"},\"sameAs\":[\"https:\\\/\\\/www.facebook.com\\\/LionEnvironnement\\\/?locale=fr_FR\",\"https:\\\/\\\/www.instagram.com\\\/environnementlion\"]},{\"@type\":\"Person\",\"@id\":\"https:\\\/\\\/lion-environnement.org\\\/#\\\/schema\\\/person\\\/6f31a6acf77511185d5cd3fb4d580b38\",\"name\":\"Annick D\",\"image\":{\"@type\":\"ImageObject\",\"inLanguage\":\"fr-FR\",\"@id\":\"https:\\\/\\\/secure.gravatar.com\\\/avatar\\\/4c75a3125d3fa0de38b5e7e0fc438f62acf8503b843f353f9519a63aaa0e92d1?s=96&d=mm&r=g\",\"url\":\"https:\\\/\\\/secure.gravatar.com\\\/avatar\\\/4c75a3125d3fa0de38b5e7e0fc438f62acf8503b843f353f9519a63aaa0e92d1?s=96&d=mm&r=g\",\"contentUrl\":\"https:\\\/\\\/secure.gravatar.com\\\/avatar\\\/4c75a3125d3fa0de38b5e7e0fc438f62acf8503b843f353f9519a63aaa0e92d1?s=96&d=mm&r=g\",\"caption\":\"Annick D\"},\"url\":\"https:\\\/\\\/lion-environnement.org\\\/index.php\\\/author\\\/annick27\\\/\"}]}<\/script>\n<!-- \/ Yoast SEO plugin. -->","yoast_head_json":{"title":"A partir d'avril, sur la plage, on regarde o\u00f9 on met les pieds! Prot\u00e9geons les \u0153ufs et les poussins de gravelots \u00e0 collier interrompu. - Lion Environnement","robots":{"index":"index","follow":"follow","max-snippet":"max-snippet:-1","max-image-preview":"max-image-preview:large","max-video-preview":"max-video-preview:-1"},"canonical":"https:\/\/lion-environnement.org\/index.php\/2023\/04\/02\/a-partir-davril-sur-la-plage-on-regarde-ou-on-met-les-pieds-protegeons-les-oeufs-et-les-poussins-de-gravelots-a-collier-interrompu\/","og_locale":"fr_FR","og_type":"article","og_title":"A partir d'avril, sur la plage, on regarde o\u00f9 on met les pieds! Prot\u00e9geons les \u0153ufs et les poussins de gravelots \u00e0 collier interrompu. - Lion Environnement","og_description":"Entre mi-avril et mi-ao\u00fbt, quelques dizaines de couples de gravelots \u00e0 collier interrompu, oiseau migrateur prot\u00e9g\u00e9 \u00e0 l&rsquo;\u00e9chelle europ\u00e9enne, vont venir se reproduire et nidifier sur le littoral calvadosien. En 2022, 60 \u00e0 70 couples ont \u00e9t\u00e9 recens\u00e9s dans le Calvados. Dans notre secteur, ils nichent ordinairement sur le haut de la plage d&rsquo;Hermanville, au\u2026","og_url":"https:\/\/lion-environnement.org\/index.php\/2023\/04\/02\/a-partir-davril-sur-la-plage-on-regarde-ou-on-met-les-pieds-protegeons-les-oeufs-et-les-poussins-de-gravelots-a-collier-interrompu\/","og_site_name":"Lion Environnement","article_publisher":"https:\/\/www.facebook.com\/LionEnvironnement\/?locale=fr_FR","article_published_time":"2023-04-02T18:24:47+00:00","article_modified_time":"2023-04-17T10:28:18+00:00","og_image":[{"width":600,"height":608,"url":"https:\/\/lion-environnement.org\/wp-content\/uploads\/2023\/03\/Screenshot_2023-02-26-10-20-57-899-edit_com.google.android.googlequicksearchbox-e1678205898924.jpg","type":"image\/jpeg"}],"author":"Annick D","twitter_card":"summary_large_image","twitter_misc":{"\u00c9crit par":"Annick D","Dur\u00e9e de lecture estim\u00e9e":"1 minute"},"schema":{"@context":"https:\/\/schema.org","@graph":[{"@type":"Article","@id":"https:\/\/lion-environnement.org\/index.php\/2023\/04\/02\/a-partir-davril-sur-la-plage-on-regarde-ou-on-met-les-pieds-protegeons-les-oeufs-et-les-poussins-de-gravelots-a-collier-interrompu\/#article","isPartOf":{"@id":"https:\/\/lion-environnement.org\/index.php\/2023\/04\/02\/a-partir-davril-sur-la-plage-on-regarde-ou-on-met-les-pieds-protegeons-les-oeufs-et-les-poussins-de-gravelots-a-collier-interrompu\/"},"author":{"name":"Annick D","@id":"https:\/\/lion-environnement.org\/#\/schema\/person\/6f31a6acf77511185d5cd3fb4d580b38"},"headline":"A partir d&rsquo;avril, sur la plage, on regarde o\u00f9 on met les pieds! Prot\u00e9geons les \u0153ufs et les poussins de gravelots \u00e0 collier interrompu.","datePublished":"2023-04-02T18:24:47+00:00","dateModified":"2023-04-17T10:28:18+00:00","mainEntityOfPage":{"@id":"https:\/\/lion-environnement.org\/index.php\/2023\/04\/02\/a-partir-davril-sur-la-plage-on-regarde-ou-on-met-les-pieds-protegeons-les-oeufs-et-les-poussins-de-gravelots-a-collier-interrompu\/"},"wordCount":331,"commentCount":0,"publisher":{"@id":"https:\/\/lion-environnement.org\/#organization"},"image":{"@id":"https:\/\/lion-environnement.org\/index.php\/2023\/04\/02\/a-partir-davril-sur-la-plage-on-regarde-ou-on-met-les-pieds-protegeons-les-oeufs-et-les-poussins-de-gravelots-a-collier-interrompu\/#primaryimage"},"thumbnailUrl":"https:\/\/lion-environnement.org\/wp-content\/uploads\/2023\/03\/Screenshot_2023-02-26-10-20-57-899-edit_com.google.android.googlequicksearchbox-e1678205898924-296x300.jpg","keywords":["biodiversit\u00e9","gravelot","littoral"],"articleSection":["actualit\u00e9s","faune","gravelot","nettoyage de plage","rivage"],"inLanguage":"fr-FR","potentialAction":[{"@type":"CommentAction","name":"Comment","target":["https:\/\/lion-environnement.org\/index.php\/2023\/04\/02\/a-partir-davril-sur-la-plage-on-regarde-ou-on-met-les-pieds-protegeons-les-oeufs-et-les-poussins-de-gravelots-a-collier-interrompu\/#respond"]}]},{"@type":"WebPage","@id":"https:\/\/lion-environnement.org\/index.php\/2023\/04\/02\/a-partir-davril-sur-la-plage-on-regarde-ou-on-met-les-pieds-protegeons-les-oeufs-et-les-poussins-de-gravelots-a-collier-interrompu\/","url":"https:\/\/lion-environnement.org\/index.php\/2023\/04\/02\/a-partir-davril-sur-la-plage-on-regarde-ou-on-met-les-pieds-protegeons-les-oeufs-et-les-poussins-de-gravelots-a-collier-interrompu\/","name":"A partir d'avril, sur la plage, on regarde o\u00f9 on met les pieds! Prot\u00e9geons les \u0153ufs et les poussins de gravelots \u00e0 collier interrompu. - Lion Environnement","isPartOf":{"@id":"https:\/\/lion-environnement.org\/#website"},"primaryImageOfPage":{"@id":"https:\/\/lion-environnement.org\/index.php\/2023\/04\/02\/a-partir-davril-sur-la-plage-on-regarde-ou-on-met-les-pieds-protegeons-les-oeufs-et-les-poussins-de-gravelots-a-collier-interrompu\/#primaryimage"},"image":{"@id":"https:\/\/lion-environnement.org\/index.php\/2023\/04\/02\/a-partir-davril-sur-la-plage-on-regarde-ou-on-met-les-pieds-protegeons-les-oeufs-et-les-poussins-de-gravelots-a-collier-interrompu\/#primaryimage"},"thumbnailUrl":"https:\/\/lion-environnement.org\/wp-content\/uploads\/2023\/03\/Screenshot_2023-02-26-10-20-57-899-edit_com.google.android.googlequicksearchbox-e1678205898924-296x300.jpg","datePublished":"2023-04-02T18:24:47+00:00","dateModified":"2023-04-17T10:28:18+00:00","breadcrumb":{"@id":"https:\/\/lion-environnement.org\/index.php\/2023\/04\/02\/a-partir-davril-sur-la-plage-on-regarde-ou-on-met-les-pieds-protegeons-les-oeufs-et-les-poussins-de-gravelots-a-collier-interrompu\/#breadcrumb"},"inLanguage":"fr-FR","potentialAction":[{"@type":"ReadAction","target":["https:\/\/lion-environnement.org\/index.php\/2023\/04\/02\/a-partir-davril-sur-la-plage-on-regarde-ou-on-met-les-pieds-protegeons-les-oeufs-et-les-poussins-de-gravelots-a-collier-interrompu\/"]}]},{"@type":"ImageObject","inLanguage":"fr-FR","@id":"https:\/\/lion-environnement.org\/index.php\/2023\/04\/02\/a-partir-davril-sur-la-plage-on-regarde-ou-on-met-les-pieds-protegeons-les-oeufs-et-les-poussins-de-gravelots-a-collier-interrompu\/#primaryimage","url":"https:\/\/lion-environnement.org\/wp-content\/uploads\/2023\/03\/Screenshot_2023-02-26-10-20-57-899-edit_com.google.android.googlequicksearchbox-e1678205898924.jpg","contentUrl":"https:\/\/lion-environnement.org\/wp-content\/uploads\/2023\/03\/Screenshot_2023-02-26-10-20-57-899-edit_com.google.android.googlequicksearchbox-e1678205898924.jpg","width":600,"height":608},{"@type":"BreadcrumbList","@id":"https:\/\/lion-environnement.org\/index.php\/2023\/04\/02\/a-partir-davril-sur-la-plage-on-regarde-ou-on-met-les-pieds-protegeons-les-oeufs-et-les-poussins-de-gravelots-a-collier-interrompu\/#breadcrumb","itemListElement":[{"@type":"ListItem","position":1,"name":"Accueil","item":"https:\/\/lion-environnement.org\/"},{"@type":"ListItem","position":2,"name":"A partir d&rsquo;avril, sur la plage, on regarde o\u00f9 on met les pieds! Prot\u00e9geons les \u0153ufs et les poussins de gravelots \u00e0 collier interrompu."}]},{"@type":"WebSite","@id":"https:\/\/lion-environnement.org\/#website","url":"https:\/\/lion-environnement.org\/","name":"Lion Environnement","description":"Lions nos \u00e9nergies pour pr\u00e9server l&#039;environnement et la sant\u00e9","publisher":{"@id":"https:\/\/lion-environnement.org\/#organization"},"potentialAction":[{"@type":"SearchAction","target":{"@type":"EntryPoint","urlTemplate":"https:\/\/lion-environnement.org\/?s={search_term_string}"},"query-input":{"@type":"PropertyValueSpecification","valueRequired":true,"valueName":"search_term_string"}}],"inLanguage":"fr-FR"},{"@type":"Organization","@id":"https:\/\/lion-environnement.org\/#organization","name":"Lion Environnement","url":"https:\/\/lion-environnement.org\/","logo":{"@type":"ImageObject","inLanguage":"fr-FR","@id":"https:\/\/lion-environnement.org\/#\/schema\/logo\/image\/","url":"https:\/\/lion-environnement.org\/wp-content\/uploads\/2016\/04\/logoLElongWeb-1.jpg","contentUrl":"https:\/\/lion-environnement.org\/wp-content\/uploads\/2016\/04\/logoLElongWeb-1.jpg","width":487,"height":113,"caption":"Lion Environnement"},"image":{"@id":"https:\/\/lion-environnement.org\/#\/schema\/logo\/image\/"},"sameAs":["https:\/\/www.facebook.com\/LionEnvironnement\/?locale=fr_FR","https:\/\/www.instagram.com\/environnementlion"]},{"@type":"Person","@id":"https:\/\/lion-environnement.org\/#\/schema\/person\/6f31a6acf77511185d5cd3fb4d580b38","name":"Annick D","image":{"@type":"ImageObject","inLanguage":"fr-FR","@id":"https:\/\/secure.gravatar.com\/avatar\/4c75a3125d3fa0de38b5e7e0fc438f62acf8503b843f353f9519a63aaa0e92d1?s=96&d=mm&r=g","url":"https:\/\/secure.gravatar.com\/avatar\/4c75a3125d3fa0de38b5e7e0fc438f62acf8503b843f353f9519a63aaa0e92d1?s=96&d=mm&r=g","contentUrl":"https:\/\/secure.gravatar.com\/avatar\/4c75a3125d3fa0de38b5e7e0fc438f62acf8503b843f353f9519a63aaa0e92d1?s=96&d=mm&r=g","caption":"Annick D"},"url":"https:\/\/lion-environnement.org\/index.php\/author\/annick27\/"}]}},"_links":{"self":[{"href":"https:\/\/lion-environnement.org\/index.php\/wp-json\/wp\/v2\/posts\/7503","targetHints":{"allow":["GET"]}}],"collection":[{"href":"https:\/\/lion-environnement.org\/index.php\/wp-json\/wp\/v2\/posts"}],"about":[{"href":"https:\/\/lion-environnement.org\/index.php\/wp-json\/wp\/v2\/types\/post"}],"author":[{"embeddable":true,"href":"https:\/\/lion-environnement.org\/index.php\/wp-json\/wp\/v2\/users\/1564"}],"replies":[{"embeddable":true,"href":"https:\/\/lion-environnement.org\/index.php\/wp-json\/wp\/v2\/comments?post=7503"}],"version-history":[{"count":17,"href":"https:\/\/lion-environnement.org\/index.php\/wp-json\/wp\/v2\/posts\/7503\/revisions"}],"predecessor-version":[{"id":7575,"href":"https:\/\/lion-environnement.org\/index.php\/wp-json\/wp\/v2\/posts\/7503\/revisions\/7575"}],"wp:attachment":[{"href":"https:\/\/lion-environnement.org\/index.php\/wp-json\/wp\/v2\/media?parent=7503"}],"wp:term":[{"taxonomy":"category","embeddable":true,"href":"https:\/\/lion-environnement.org\/index.php\/wp-json\/wp\/v2\/categories?post=7503"},{"taxonomy":"post_tag","embeddable":true,"href":"https:\/\/lion-environnement.org\/index.php\/wp-json\/wp\/v2\/tags?post=7503"}],"curies":[{"name":"wp","href":"https:\/\/api.w.org\/{rel}","templated":true}]}}