{"id":703,"date":"2017-11-01T11:49:48","date_gmt":"2017-11-01T10:49:48","guid":{"rendered":"https:\/\/lion-environnement.org\/?p=703"},"modified":"2017-11-14T23:06:43","modified_gmt":"2017-11-14T22:06:43","slug":"des-boutures-pour-la-cloture-vegetale-du-jardin-partage","status":"publish","type":"post","link":"https:\/\/lion-environnement.org\/index.php\/2017\/11\/01\/des-boutures-pour-la-cloture-vegetale-du-jardin-partage\/","title":{"rendered":"Des boutures pour la cl\u00f4ture v\u00e9g\u00e9tale du jardin partag\u00e9"},"content":{"rendered":"<p>Pour pr\u00e9parer la cl\u00f4ture v\u00e9g\u00e9tale du jardin partag\u00e9, l\u2019id\u00e9e a germ\u00e9 de r\u00e9aliser des boutures \u00e0 l\u2019occasion de la Sainte Catherine, en faisant appel aux adh\u00e9rents et aux habitants de Lion-sur-mer et des environs.<\/p>\n<p>Ces boutures, pr\u00e9lev\u00e9es essentiellement dans les jardins des habitants, seront mises en pot, dans le cadre d\u2019un atelier bouturage,<\/p>\n<p style=\"text-align: center;\"><span style=\"color: #339966; font-size: 14pt;\"><strong>dimanche 26 novembre 2017, de 10h30 \u00e0 12h<br \/>\nau <\/strong><strong>Parc de la Mairie<\/strong><\/span><\/p>\n<p>Ces boutures &#8211; plus de 200 sont n\u00e9cessaires pour couvrir les deux haies envisag\u00e9es &#8211; seront ensuite gard\u00e9es \u00ab\u00a0en nourrice\u00a0\u00bb chez les habitants, soit dans des pots, soit en terre. Un an apr\u00e8s, \u00e0 l\u2019automne, elles seront replant\u00e9es collectivement le long du jardin partag\u00e9.<\/p>\n<p>L\u2019atelier, ouvert \u00e0 tous, petits et grands, permettra aussi, \u00e0 ceux qui le souhaitent, de s\u2019initier \u00e0 la pratique du bouturage.<\/p>\n<p><strong><span style=\"color: #339966; font-size: 14pt;\">\u2022 Quelles esp\u00e8ces s\u00e9lectionner\u00a0?<\/span><\/strong><\/p>\n<p>Elles sont choisies\u00a0:<br \/>\n&gt; pour permettre un m\u00e9lange sauvage\/ornemental \u00e0 peu pr\u00e8s \u00e9quilibr\u00e9<br \/>\n&gt; pour avoir une haie de taille suffisante mais pas trop haute pour que les promeneurs puissent facilement voir le jardin de l\u2019ext\u00e9rieur.<\/p>\n<p><strong><span style=\"color: #339966; font-size: 14pt;\">\u2022 Comment participer \u00e0 l&rsquo;atelier ?<\/span><\/strong><\/p>\n<p><strong>\u2022 La fourniture de pots<br \/>\n<\/strong><strong>Vous poss\u00e9dez des pots d\u2019un diam\u00e8tre de 20 cm minimum<\/strong>, inutilis\u00e9s, vous pouvez les d\u00e9poser\u00a0:<br \/>\n&gt; Chez D\u00e9co\u2019 Phil (en face de la Poste),<br \/>\n&gt; A la Mairie (\u00e0 l\u2019atelier, \u00e0 droite apr\u00e8s le petit passage en allant vers le parc),<br \/>\n&gt; A l\u2019AMAP, le vendredi soir.<\/p>\n<p><strong>\u2022 Le pr\u00e9l\u00e8vement et la mise en pot de boutures<br \/>\n&gt; Vous poss\u00e9dez des arbustes<\/strong> figurant dans la liste ci-dessous ?<br \/>\nVous pouvez nous le faire savoir \u00e0 l&rsquo;adresse : <a href=\"mailto:sondagebouture@lion-environnement.org\">sondagebouture@lion-environnement.org<\/a><br \/>\n&gt; Vous pr\u00e9levez des rameaux et les apportez le jour de l\u2019atelier (tutoriels en fin d&rsquo;article)<br \/>\n&gt; Vous nous demandez de venir les pr\u00e9lever<br \/>\n<strong>Vous ne poss\u00e9dez pas ces arbustes\u00a0?<br \/>\n&gt; <\/strong>Faites-nous des propositions, nous choisirons ensemble.<br \/>\n<strong>Vous ne poss\u00e9dez aucune plante \u00e0 bouturer, vous \u00eates les bienvenu(e)s \u00e0 l&rsquo;atelier.<br \/>\n<\/strong><\/p>\n<p style=\"text-align: center;\"><span style=\"font-size: 14pt; color: #339966;\"><strong><em>\u00a0<\/em>Rendez-vous dimanche 26 novembre 2017 pour mettre en pot collectivement et apprendre \u00e0 bouturer\u00a0!<\/strong><\/span><\/p>\n<p><strong><span style=\"color: #000000;\">\u2022 La mise en nourrice des boutures<\/span><br \/>\n<\/strong>A l\u2019issue de l\u2019atelier, chacun pourra repartir avec une ou plusieurs boutures pour leur mise en nourrice en pot ou en pleine terre durant un an.<\/p>\n<p><strong>\u2022 La r\u00e9alisation de la haie<br \/>\n<\/strong>Un deuxi\u00e8me atelier sera organis\u00e9 lors de la Sainte Catherine 2018 pour planter collectivement les boutures le long du jardin partag\u00e9.<\/p>\n<table style=\"width: 641px;\">\n<tbody>\n<tr style=\"height: 33px;\">\n<td style=\"height: 33px; width: 46.15px;\"><strong>Quantit\u00e9<\/strong><\/td>\n<td style=\"height: 33px; width: 171.85px;\"><strong>Esp\u00e8ce<\/strong><\/td>\n<td style=\"height: 33px; width: 375px;\"><strong>Lien internet permettant de les reconna\u00eetre<\/strong><\/td>\n<\/tr>\n<tr style=\"height: 31px;\">\n<td style=\"height: 31px; width: 46.15px;\">20<\/td>\n<td style=\"height: 31px; width: 171.85px;\">Cornouiller sanguin<\/td>\n<td style=\"height: 31px; width: 375px;\"><a href=\"https:\/\/fr.wikipedia.org\/wiki\/Cornouiller_sanguin\">https:\/\/fr.wikipedia.org\/wiki\/Cornouiller_sanguin<\/a><\/td>\n<\/tr>\n<tr style=\"height: 31px;\">\n<td style=\"height: 31px; width: 46.15px;\">20<\/td>\n<td style=\"height: 31px; width: 171.85px;\">Fusain d\u2019Europe<\/td>\n<td style=\"height: 31px; width: 375px;\"><a href=\"https:\/\/fr.wikipedia.org\/wiki\/Fusain_d'Europe\">https:\/\/fr.wikipedia.org\/wiki\/Fusain_d&rsquo;Europe<\/a><\/td>\n<\/tr>\n<tr style=\"height: 30px;\">\n<td style=\"height: 30px; width: 46.15px;\">20<\/td>\n<td style=\"height: 30px; width: 171.85px;\">Sureau noir<\/td>\n<td style=\"height: 30px; width: 375px;\"><a href=\"https:\/\/fr.wikipedia.org\/wiki\/Sambucus_nigra\">https:\/\/fr.wikipedia.org\/wiki\/Sambucus_nigra<\/a><\/td>\n<\/tr>\n<tr style=\"height: 30px;\">\n<td style=\"height: 30px; width: 46.15px;\">20<\/td>\n<td style=\"height: 30px; width: 171.85px;\">Viorne obier<\/td>\n<td style=\"height: 30px; width: 375px;\"><a href=\"https:\/\/fr.wikipedia.org\/wiki\/Viorne_obier\">https:\/\/fr.wikipedia.org\/wiki\/Viorne_obier<\/a><\/td>\n<\/tr>\n<tr style=\"height: 60px;\">\n<td style=\"height: 60px; width: 46.15px;\">20<\/td>\n<td style=\"height: 60px; width: 171.85px;\">Tro\u00e8ne sauvage<\/td>\n<td style=\"height: 60px; width: 375px;\"><a href=\"https:\/\/fr.wikipedia.org\/wiki\/Tro%C3%A8ne_commun\">https:\/\/fr.wikipedia.org\/wiki\/Tro%C3%A8ne_commun<\/a><\/td>\n<\/tr>\n<tr style=\"height: 51px;\">\n<td style=\"height: 51px; width: 46.15px;\">20<\/td>\n<td style=\"height: 51px; width: 171.85px;\">Escallonia<\/td>\n<td style=\"height: 51px; width: 375px;\"><a href=\"http:\/\/www.gerbeaud.com\/jardin\/fiches\/escallonia,1310.html\">http:\/\/www.gerbeaud.com\/jardin\/fiches\/escallonia,1310.html<\/a><\/td>\n<\/tr>\n<tr style=\"height: 26px;\">\n<td style=\"height: 26px; width: 46.15px;\">20<\/td>\n<td style=\"height: 26px; width: 171.85px;\">Seringat<\/td>\n<td style=\"height: 26px; width: 375px;\"><a href=\"https:\/\/fr.wikipedia.org\/wiki\/Philadelphus\">https:\/\/fr.wikipedia.org\/wiki\/Philadelphus<\/a><\/td>\n<\/tr>\n<tr style=\"height: 28px;\">\n<td style=\"height: 28px; width: 46.15px;\">20<\/td>\n<td style=\"height: 28px; width: 171.85px;\">Buddleia<\/td>\n<td style=\"height: 28px; width: 375px;\"><a href=\"https:\/\/fr.wikipedia.org\/wiki\/Buddleia_de_David\">https:\/\/fr.wikipedia.org\/wiki\/Buddleia_de_David<\/a><\/td>\n<\/tr>\n<tr style=\"height: 53px;\">\n<td style=\"height: 53px; width: 46.15px;\">20<\/td>\n<td style=\"height: 53px; width: 171.85px;\">Groseillier \u00e0 fleurs<\/td>\n<td style=\"height: 53px; width: 375px;\"><a href=\"https:\/\/fr.wikipedia.org\/wiki\/Groseillier_%C3%A0_fleurs\">https:\/\/fr.wikipedia.org\/wiki\/Groseillier_%C3%A0_fleurs<\/a><\/td>\n<\/tr>\n<tr style=\"height: 59px;\">\n<td style=\"height: 59px; width: 46.15px;\">20<\/td>\n<td style=\"height: 59px; width: 171.85px;\">Ab\u00e9lia<\/td>\n<td style=\"height: 59px; width: 375px;\"><a href=\"http:\/\/www.deco.fr\/jardin-jardinage\/arbuste-a-fleurs\/abelia-a-grandes-fleurs\/\">http:\/\/www.deco.fr\/jardin-jardinage\/arbuste-a-fleurs\/abelia-a-grandes-fleurs\/<\/a><\/td>\n<\/tr>\n<tr style=\"height: 51px;\">\n<td style=\"height: 51px; width: 46.15px;\">15<\/td>\n<td style=\"height: 51px; width: 171.85px;\">Spir\u00e9e van Houtte<\/td>\n<td style=\"height: 51px; width: 375px;\"><a href=\"http:\/\/www.gerbeaud.com\/jardin\/fiches\/spiree-de-van-houtte,1581.html\">http:\/\/www.gerbeaud.com\/jardin\/fiches\/spiree-de-van-houtte,1581.html<\/a><\/td>\n<\/tr>\n<tr style=\"height: 59px;\">\n<td style=\"height: 59px; width: 46.15px;\">10<\/td>\n<td style=\"height: 59px; width: 171.85px;\">Oranger du Mexique<\/td>\n<td style=\"height: 59px; width: 375px;\"><a href=\"https:\/\/fr.wikipedia.org\/wiki\/Oranger_du_Mexique\">https:\/\/fr.wikipedia.org<\/a><\/p>\n<p><a href=\"https:\/\/fr.wikipedia.org\/wiki\/Oranger_du_Mexique\">\/wiki\/Oranger_du_Mexique<\/a><\/td>\n<\/tr>\n<\/tbody>\n<\/table>\n<p>Pour toute information compl\u00e9mentaire : <a href=\"mailto:sondagebouture@lion-environnement.org\">sondagebouture@lion-environnement.org<\/a><\/p>\n<p>Pour en savoir plus sur le bouturage :<\/p>\n<p><iframe loading=\"lazy\" title=\"A la Sainte Catherine, tout bois prend racines\" width=\"550\" height=\"309\" src=\"https:\/\/www.youtube.com\/embed\/cqukOD5G9vE?feature=oembed\" frameborder=\"0\" allow=\"accelerometer; autoplay; clipboard-write; encrypted-media; gyroscope; picture-in-picture; web-share\" referrerpolicy=\"strict-origin-when-cross-origin\" allowfullscreen><\/iframe><\/p>\n<p><iframe loading=\"lazy\" title=\"Bouturage de bois sec - Monjardindansleslandes\" width=\"550\" height=\"309\" src=\"https:\/\/www.youtube.com\/embed\/9aMynNEUb4M?feature=oembed\" frameborder=\"0\" allow=\"accelerometer; autoplay; clipboard-write; encrypted-media; gyroscope; picture-in-picture; web-share\" referrerpolicy=\"strict-origin-when-cross-origin\" allowfullscreen><\/iframe><\/p>\n<p>&nbsp;<\/p>\n","protected":false},"excerpt":{"rendered":"<p>Pour pr\u00e9parer la cl\u00f4ture v\u00e9g\u00e9tale du jardin partag\u00e9, l\u2019id\u00e9e a germ\u00e9 de r\u00e9aliser des boutures \u00e0 l\u2019occasion de la Sainte Catherine, en faisant appel aux adh\u00e9rents et aux habitants de Lion-sur-mer et des environs. Ces boutures, pr\u00e9lev\u00e9es essentiellement dans les jardins des habitants, seront mises en pot, dans le cadre d\u2019un atelier bouturage, dimanche 26\u2026<\/p>\n","protected":false},"author":1560,"featured_media":869,"comment_status":"closed","ping_status":"closed","sticky":false,"template":"","format":"standard","meta":{"footnotes":""},"categories":[29],"tags":[],"class_list":["post-703","post","type-post","status-publish","format-standard","has-post-thumbnail","hentry","category-jardinpartage"],"_wp_attached_file":null,"_wp_attachment_metadata":null,"_menu_item_type":null,"_menu_item_menu_item_parent":null,"_menu_item_object_id":null,"_menu_item_object":null,"_menu_item_target":null,"_menu_item_classes":null,"_menu_item_xfn":null,"_menu_item_url":null,"_eventorganiser_event_schedule":null,"_eventorganiser_schedule_until":null,"_wpas_done_all":null,"_eventorganiser_schedule_start_start":null,"_eventorganiser_schedule_start_finish":null,"_eventorganiser_schedule_last_start":null,"_eventorganiser_schedule_last_finish":null,"_wp_attachment_backup_sizes":null,"_wp_attachment_context":null,"event_address":null,"event_start_date":null,"event_to_time":null,"event_from_time":null,"event_end_date":null,"_oembed_7e6c0eb53f1b87dceeb7157df4c64ecd":null,"_oembed_ac860e2f1183d5fbf8efad3e14b2b998":null,"_oembed_2fa3d1dc2e72f2f3db15582a07766e9d":null,"_oembed_ba1f94dfef6f2f056282005c87e1dd1f":null,"_oembed_b4fa8c58de01621c3377349423193585":null,"_oembed_2c076515dc13114e0a07a701157042d8":null,"_oembed_time_2c076515dc13114e0a07a701157042d8":null,"_su_description":null,"_wp_attachment_is_custom_header":null,"_wp_attachment_custom_header_last_used_enigma":null,"_mc_event_shortcode":null,"_mc_event_access":null,"_mc_event_id":null,"_mc_event_desc":null,"_mc_event_image":null,"_event_time_label":null,"_mc_event_data":null,"_snap_forceSURL":null,"snap_MYURL":null,"snapEdIT":null,"_mc_event_location":null,"_oembed_cdb00187755a40067dfed1152b83fa85":"{{unknown}}","_oembed_2a2b1181a4872c3fcae632ccb831338e":"{{unknown}}","_oembed_223e8f80fcafbbb0e655c3b852ad258b":"{{unknown}}","_oembed_f2dbc4e0e03552dca3704dc9d3b35b81":"{{unknown}}","_oembed_0f31e9c8d775433415a564642134b876":"{{unknown}}","_oembed_37f37d6d5d0f763259b5f2d5c6698765":"{{unknown}}","_oembed_7d585094b05c3c88729a16a5d0b76382":"{{unknown}}","_oembed_49e3f6fef25f62658e66c1baa5716b3c":"{{unknown}}","_oembed_3bbcd6cd9ba0f8e8cead97d8bddbbbae":"{{unknown}}","_oembed_6107383b394908a78bf711554ae8a1e4":"{{unknown}}","_oembed_5d6a5ae5cd2e93d5022ed2485426fcf4":"{{unknown}}","_oembed_422f96ea83a4884539ceb42326a11ee5":"{{unknown}}","_oembed_ab6628735dc0e2101ba08ec87fcef1b7":"{{unknown}}","_oembed_75bd89488fe790d8e4f203396bb84c81":"<iframe width=\"550\" height=\"309\" src=\"https:\/\/www.youtube.com\/embed\/9aMynNEUb4M?feature=oembed\" frameborder=\"0\" gesture=\"media\" allowfullscreen><\/iframe>","_oembed_time_75bd89488fe790d8e4f203396bb84c81":"1510697207","_oembed_c6d8784021cf1310fe080cd343275a5a":"<iframe width=\"550\" height=\"309\" src=\"https:\/\/www.youtube.com\/embed\/cqukOD5G9vE?feature=oembed\" frameborder=\"0\" gesture=\"media\" allowfullscreen><\/iframe>","_oembed_time_c6d8784021cf1310fe080cd343275a5a":"1510697207","_wp_attachment_custom_header_last_used_greenigma":null,"_wp_attachment_is_custom_background":null,"enclosure":null,"_oembed_3bca2a21e398bc75f8a1b2ec60f88d23":null,"_oembed_25600d5f25f51af7be904b38ccae40ec":null,"_oembed_time_25600d5f25f51af7be904b38ccae40ec":null,"_mc_guid":null,"_mc4wp_settings":null,"text_subscribed":null,"text_invalid_email":null,"text_required_field_missing":null,"text_already_subscribed":null,"text_error":null,"text_unsubscribed":null,"text_not_subscribed":null,"text_no_lists_selected":null,"text_updated":null,"_bbp_reply_count_hidden":null,"_bbp_topic_count_hidden":null,"_bbp_total_topic_count":null,"_bbp_topic_count":null,"_bbp_total_reply_count":null,"_bbp_reply_count":null,"_bbp_forum_subforum_count":null,"_bbp_last_active_time":null,"user_registration_form_setting_default_user_role":null,"user_registration_form_setting_enable_strong_password":null,"user_registration_form_setting_minimum_password_strength":null,"user_registration_form_setting_form_submit_label":null,"user_registration_form_setting_enable_recaptcha_support":null,"user_registration_form_template":null,"user_registration_form_custom_class":null,"_oembed_ef95b2b98f04716f23e0a4eed7816e1b":null,"_oembed_time_ef95b2b98f04716f23e0a4eed7816e1b":null,"_wp_attachment_image_alt":null,"_mc_event_date":null,"_customize_changeset_uuid":null,"sg_popup_target":null,"sg_popup_events":null,"sg_popup_options":null,"_oembed_caf01abe71309dc253791159ac4336cb":null,"_sgpb_original":null,"sg_popup_events_preview":null,"sg_popup_options_preview":null,"sg_popup_target_preview":null,"user_registration_form_setting_redirect_options":null,"_oembed_10c4a1529e884332ff612b45feeae083":null,"_bbp_forum_id":null,"_bbp_last_topic_id":null,"_bbp_last_reply_id":null,"_bbp_last_active_id":null,"_form":null,"_mail":null,"_mail_2":null,"_messages":null,"_additional_settings":null,"_locale":null,"_elementor_css":null,"_menu_sgpb_popup_id":null,"_oembed_bbc07775835a27fca3dab6de0a78c453":null,"cmplz_tc_document_status":null,"_oembed_a8eea5673581fdb5da3c215c1676eaf2":null,"_oembed_time_a8eea5673581fdb5da3c215c1676eaf2":null,"_bbp_forum_type":null,"_bbp_status":null,"_bbp_total_reply_count_hidden":null,"_wp_page_template":null,"_edit_last":"1553","_edit_lock":"1519387510:1","_su_rich_snippet_type":"none","xyz_fbap":"1","xyz_fbap_insert_og":"1","_thumbnail_id":"869","_jetpack_dont_email_post_to_subs":null,"_su_title":null,"_cmplz_scanned_post":null,"xyz_fbap_future_to_publish":null,"_wp_old_slug":null,"_wp_old_date":null,"cmplz_hide_cookiebanner":null,"_elementor_template_type":null,"_elementor_edit_mode":null,"_elementor_data":null,"_elementor_version":null,"_elementor_controls_usage":null,"classic-editor-remember":null,"_wp_trash_meta_status":null,"_wp_trash_meta_time":null,"_wp_desired_post_slug":null,"yoast_head":"<!-- This site is optimized with the Yoast SEO plugin v27.4 - https:\/\/yoast.com\/product\/yoast-seo-wordpress\/ -->\n<title>Des boutures pour la cl\u00f4ture v\u00e9g\u00e9tale du jardin partag\u00e9 - Lion Environnement<\/title>\n<meta name=\"robots\" content=\"index, follow, max-snippet:-1, max-image-preview:large, max-video-preview:-1\" \/>\n<link rel=\"canonical\" href=\"https:\/\/lion-environnement.org\/index.php\/2017\/11\/01\/des-boutures-pour-la-cloture-vegetale-du-jardin-partage\/\" \/>\n<meta property=\"og:locale\" content=\"fr_FR\" \/>\n<meta property=\"og:type\" content=\"article\" \/>\n<meta property=\"og:title\" content=\"Des boutures pour la cl\u00f4ture v\u00e9g\u00e9tale du jardin partag\u00e9 - Lion Environnement\" \/>\n<meta property=\"og:description\" content=\"Pour pr\u00e9parer la cl\u00f4ture v\u00e9g\u00e9tale du jardin partag\u00e9, l\u2019id\u00e9e a germ\u00e9 de r\u00e9aliser des boutures \u00e0 l\u2019occasion de la Sainte Catherine, en faisant appel aux adh\u00e9rents et aux habitants de Lion-sur-mer et des environs. Ces boutures, pr\u00e9lev\u00e9es essentiellement dans les jardins des habitants, seront mises en pot, dans le cadre d\u2019un atelier bouturage, dimanche 26\u2026\" \/>\n<meta property=\"og:url\" content=\"https:\/\/lion-environnement.org\/index.php\/2017\/11\/01\/des-boutures-pour-la-cloture-vegetale-du-jardin-partage\/\" \/>\n<meta property=\"og:site_name\" content=\"Lion Environnement\" \/>\n<meta property=\"article:publisher\" content=\"https:\/\/www.facebook.com\/LionEnvironnement\/?locale=fr_FR\" \/>\n<meta property=\"article:published_time\" content=\"2017-11-01T10:49:48+00:00\" \/>\n<meta property=\"article:modified_time\" content=\"2017-11-14T22:06:43+00:00\" \/>\n<meta property=\"og:image\" content=\"https:\/\/lion-environnement.org\/wp-content\/uploads\/2017\/11\/Bouture.jpg\" \/>\n\t<meta property=\"og:image:width\" content=\"800\" \/>\n\t<meta property=\"og:image:height\" content=\"600\" \/>\n\t<meta property=\"og:image:type\" content=\"image\/jpeg\" \/>\n<meta name=\"author\" content=\"herve zede\" \/>\n<meta name=\"twitter:card\" content=\"summary_large_image\" \/>\n<meta name=\"twitter:label1\" content=\"\u00c9crit par\" \/>\n\t<meta name=\"twitter:data1\" content=\"herve zede\" \/>\n\t<meta name=\"twitter:label2\" content=\"Dur\u00e9e de lecture estim\u00e9e\" \/>\n\t<meta name=\"twitter:data2\" content=\"3 minutes\" \/>\n<script type=\"application\/ld+json\" class=\"yoast-schema-graph\">{\"@context\":\"https:\\\/\\\/schema.org\",\"@graph\":[{\"@type\":\"Article\",\"@id\":\"https:\\\/\\\/lion-environnement.org\\\/index.php\\\/2017\\\/11\\\/01\\\/des-boutures-pour-la-cloture-vegetale-du-jardin-partage\\\/#article\",\"isPartOf\":{\"@id\":\"https:\\\/\\\/lion-environnement.org\\\/index.php\\\/2017\\\/11\\\/01\\\/des-boutures-pour-la-cloture-vegetale-du-jardin-partage\\\/\"},\"author\":{\"name\":\"herve zede\",\"@id\":\"https:\\\/\\\/lion-environnement.org\\\/#\\\/schema\\\/person\\\/6bff47bbe54852fb28da32787648c52d\"},\"headline\":\"Des boutures pour la cl\u00f4ture v\u00e9g\u00e9tale du jardin partag\u00e9\",\"datePublished\":\"2017-11-01T10:49:48+00:00\",\"dateModified\":\"2017-11-14T22:06:43+00:00\",\"mainEntityOfPage\":{\"@id\":\"https:\\\/\\\/lion-environnement.org\\\/index.php\\\/2017\\\/11\\\/01\\\/des-boutures-pour-la-cloture-vegetale-du-jardin-partage\\\/\"},\"wordCount\":584,\"publisher\":{\"@id\":\"https:\\\/\\\/lion-environnement.org\\\/#organization\"},\"image\":{\"@id\":\"https:\\\/\\\/lion-environnement.org\\\/index.php\\\/2017\\\/11\\\/01\\\/des-boutures-pour-la-cloture-vegetale-du-jardin-partage\\\/#primaryimage\"},\"thumbnailUrl\":\"https:\\\/\\\/lion-environnement.org\\\/wp-content\\\/uploads\\\/2017\\\/11\\\/Bouture.jpg\",\"articleSection\":[\"Jardin partag\u00e9\"],\"inLanguage\":\"fr-FR\"},{\"@type\":\"WebPage\",\"@id\":\"https:\\\/\\\/lion-environnement.org\\\/index.php\\\/2017\\\/11\\\/01\\\/des-boutures-pour-la-cloture-vegetale-du-jardin-partage\\\/\",\"url\":\"https:\\\/\\\/lion-environnement.org\\\/index.php\\\/2017\\\/11\\\/01\\\/des-boutures-pour-la-cloture-vegetale-du-jardin-partage\\\/\",\"name\":\"Des boutures pour la cl\u00f4ture v\u00e9g\u00e9tale du jardin partag\u00e9 - Lion Environnement\",\"isPartOf\":{\"@id\":\"https:\\\/\\\/lion-environnement.org\\\/#website\"},\"primaryImageOfPage\":{\"@id\":\"https:\\\/\\\/lion-environnement.org\\\/index.php\\\/2017\\\/11\\\/01\\\/des-boutures-pour-la-cloture-vegetale-du-jardin-partage\\\/#primaryimage\"},\"image\":{\"@id\":\"https:\\\/\\\/lion-environnement.org\\\/index.php\\\/2017\\\/11\\\/01\\\/des-boutures-pour-la-cloture-vegetale-du-jardin-partage\\\/#primaryimage\"},\"thumbnailUrl\":\"https:\\\/\\\/lion-environnement.org\\\/wp-content\\\/uploads\\\/2017\\\/11\\\/Bouture.jpg\",\"datePublished\":\"2017-11-01T10:49:48+00:00\",\"dateModified\":\"2017-11-14T22:06:43+00:00\",\"breadcrumb\":{\"@id\":\"https:\\\/\\\/lion-environnement.org\\\/index.php\\\/2017\\\/11\\\/01\\\/des-boutures-pour-la-cloture-vegetale-du-jardin-partage\\\/#breadcrumb\"},\"inLanguage\":\"fr-FR\",\"potentialAction\":[{\"@type\":\"ReadAction\",\"target\":[\"https:\\\/\\\/lion-environnement.org\\\/index.php\\\/2017\\\/11\\\/01\\\/des-boutures-pour-la-cloture-vegetale-du-jardin-partage\\\/\"]}]},{\"@type\":\"ImageObject\",\"inLanguage\":\"fr-FR\",\"@id\":\"https:\\\/\\\/lion-environnement.org\\\/index.php\\\/2017\\\/11\\\/01\\\/des-boutures-pour-la-cloture-vegetale-du-jardin-partage\\\/#primaryimage\",\"url\":\"https:\\\/\\\/lion-environnement.org\\\/wp-content\\\/uploads\\\/2017\\\/11\\\/Bouture.jpg\",\"contentUrl\":\"https:\\\/\\\/lion-environnement.org\\\/wp-content\\\/uploads\\\/2017\\\/11\\\/Bouture.jpg\",\"width\":800,\"height\":600},{\"@type\":\"BreadcrumbList\",\"@id\":\"https:\\\/\\\/lion-environnement.org\\\/index.php\\\/2017\\\/11\\\/01\\\/des-boutures-pour-la-cloture-vegetale-du-jardin-partage\\\/#breadcrumb\",\"itemListElement\":[{\"@type\":\"ListItem\",\"position\":1,\"name\":\"Accueil\",\"item\":\"https:\\\/\\\/lion-environnement.org\\\/\"},{\"@type\":\"ListItem\",\"position\":2,\"name\":\"Des boutures pour la cl\u00f4ture v\u00e9g\u00e9tale du jardin partag\u00e9\"}]},{\"@type\":\"WebSite\",\"@id\":\"https:\\\/\\\/lion-environnement.org\\\/#website\",\"url\":\"https:\\\/\\\/lion-environnement.org\\\/\",\"name\":\"Lion Environnement\",\"description\":\"Lions nos \u00e9nergies pour pr\u00e9server l&#039;environnement et la sant\u00e9\",\"publisher\":{\"@id\":\"https:\\\/\\\/lion-environnement.org\\\/#organization\"},\"potentialAction\":[{\"@type\":\"SearchAction\",\"target\":{\"@type\":\"EntryPoint\",\"urlTemplate\":\"https:\\\/\\\/lion-environnement.org\\\/?s={search_term_string}\"},\"query-input\":{\"@type\":\"PropertyValueSpecification\",\"valueRequired\":true,\"valueName\":\"search_term_string\"}}],\"inLanguage\":\"fr-FR\"},{\"@type\":\"Organization\",\"@id\":\"https:\\\/\\\/lion-environnement.org\\\/#organization\",\"name\":\"Lion Environnement\",\"url\":\"https:\\\/\\\/lion-environnement.org\\\/\",\"logo\":{\"@type\":\"ImageObject\",\"inLanguage\":\"fr-FR\",\"@id\":\"https:\\\/\\\/lion-environnement.org\\\/#\\\/schema\\\/logo\\\/image\\\/\",\"url\":\"https:\\\/\\\/lion-environnement.org\\\/wp-content\\\/uploads\\\/2016\\\/04\\\/logoLElongWeb-1.jpg\",\"contentUrl\":\"https:\\\/\\\/lion-environnement.org\\\/wp-content\\\/uploads\\\/2016\\\/04\\\/logoLElongWeb-1.jpg\",\"width\":487,\"height\":113,\"caption\":\"Lion Environnement\"},\"image\":{\"@id\":\"https:\\\/\\\/lion-environnement.org\\\/#\\\/schema\\\/logo\\\/image\\\/\"},\"sameAs\":[\"https:\\\/\\\/www.facebook.com\\\/LionEnvironnement\\\/?locale=fr_FR\",\"https:\\\/\\\/www.instagram.com\\\/environnementlion\"]},{\"@type\":\"Person\",\"@id\":\"https:\\\/\\\/lion-environnement.org\\\/#\\\/schema\\\/person\\\/6bff47bbe54852fb28da32787648c52d\",\"name\":\"herve zede\",\"image\":{\"@type\":\"ImageObject\",\"inLanguage\":\"fr-FR\",\"@id\":\"https:\\\/\\\/secure.gravatar.com\\\/avatar\\\/3bdae38d66c6067e588e9cc13a450d718883fe3dbe911dac7707a8c4b977806d?s=96&d=mm&r=g\",\"url\":\"https:\\\/\\\/secure.gravatar.com\\\/avatar\\\/3bdae38d66c6067e588e9cc13a450d718883fe3dbe911dac7707a8c4b977806d?s=96&d=mm&r=g\",\"contentUrl\":\"https:\\\/\\\/secure.gravatar.com\\\/avatar\\\/3bdae38d66c6067e588e9cc13a450d718883fe3dbe911dac7707a8c4b977806d?s=96&d=mm&r=g\",\"caption\":\"herve zede\"},\"url\":\"https:\\\/\\\/lion-environnement.org\\\/index.php\\\/author\\\/herve-zede\\\/\"}]}<\/script>\n<!-- \/ Yoast SEO plugin. -->","yoast_head_json":{"title":"Des boutures pour la cl\u00f4ture v\u00e9g\u00e9tale du jardin partag\u00e9 - Lion Environnement","robots":{"index":"index","follow":"follow","max-snippet":"max-snippet:-1","max-image-preview":"max-image-preview:large","max-video-preview":"max-video-preview:-1"},"canonical":"https:\/\/lion-environnement.org\/index.php\/2017\/11\/01\/des-boutures-pour-la-cloture-vegetale-du-jardin-partage\/","og_locale":"fr_FR","og_type":"article","og_title":"Des boutures pour la cl\u00f4ture v\u00e9g\u00e9tale du jardin partag\u00e9 - Lion Environnement","og_description":"Pour pr\u00e9parer la cl\u00f4ture v\u00e9g\u00e9tale du jardin partag\u00e9, l\u2019id\u00e9e a germ\u00e9 de r\u00e9aliser des boutures \u00e0 l\u2019occasion de la Sainte Catherine, en faisant appel aux adh\u00e9rents et aux habitants de Lion-sur-mer et des environs. Ces boutures, pr\u00e9lev\u00e9es essentiellement dans les jardins des habitants, seront mises en pot, dans le cadre d\u2019un atelier bouturage, dimanche 26\u2026","og_url":"https:\/\/lion-environnement.org\/index.php\/2017\/11\/01\/des-boutures-pour-la-cloture-vegetale-du-jardin-partage\/","og_site_name":"Lion Environnement","article_publisher":"https:\/\/www.facebook.com\/LionEnvironnement\/?locale=fr_FR","article_published_time":"2017-11-01T10:49:48+00:00","article_modified_time":"2017-11-14T22:06:43+00:00","og_image":[{"width":800,"height":600,"url":"https:\/\/lion-environnement.org\/wp-content\/uploads\/2017\/11\/Bouture.jpg","type":"image\/jpeg"}],"author":"herve zede","twitter_card":"summary_large_image","twitter_misc":{"\u00c9crit par":"herve zede","Dur\u00e9e de lecture estim\u00e9e":"3 minutes"},"schema":{"@context":"https:\/\/schema.org","@graph":[{"@type":"Article","@id":"https:\/\/lion-environnement.org\/index.php\/2017\/11\/01\/des-boutures-pour-la-cloture-vegetale-du-jardin-partage\/#article","isPartOf":{"@id":"https:\/\/lion-environnement.org\/index.php\/2017\/11\/01\/des-boutures-pour-la-cloture-vegetale-du-jardin-partage\/"},"author":{"name":"herve zede","@id":"https:\/\/lion-environnement.org\/#\/schema\/person\/6bff47bbe54852fb28da32787648c52d"},"headline":"Des boutures pour la cl\u00f4ture v\u00e9g\u00e9tale du jardin partag\u00e9","datePublished":"2017-11-01T10:49:48+00:00","dateModified":"2017-11-14T22:06:43+00:00","mainEntityOfPage":{"@id":"https:\/\/lion-environnement.org\/index.php\/2017\/11\/01\/des-boutures-pour-la-cloture-vegetale-du-jardin-partage\/"},"wordCount":584,"publisher":{"@id":"https:\/\/lion-environnement.org\/#organization"},"image":{"@id":"https:\/\/lion-environnement.org\/index.php\/2017\/11\/01\/des-boutures-pour-la-cloture-vegetale-du-jardin-partage\/#primaryimage"},"thumbnailUrl":"https:\/\/lion-environnement.org\/wp-content\/uploads\/2017\/11\/Bouture.jpg","articleSection":["Jardin partag\u00e9"],"inLanguage":"fr-FR"},{"@type":"WebPage","@id":"https:\/\/lion-environnement.org\/index.php\/2017\/11\/01\/des-boutures-pour-la-cloture-vegetale-du-jardin-partage\/","url":"https:\/\/lion-environnement.org\/index.php\/2017\/11\/01\/des-boutures-pour-la-cloture-vegetale-du-jardin-partage\/","name":"Des boutures pour la cl\u00f4ture v\u00e9g\u00e9tale du jardin partag\u00e9 - Lion Environnement","isPartOf":{"@id":"https:\/\/lion-environnement.org\/#website"},"primaryImageOfPage":{"@id":"https:\/\/lion-environnement.org\/index.php\/2017\/11\/01\/des-boutures-pour-la-cloture-vegetale-du-jardin-partage\/#primaryimage"},"image":{"@id":"https:\/\/lion-environnement.org\/index.php\/2017\/11\/01\/des-boutures-pour-la-cloture-vegetale-du-jardin-partage\/#primaryimage"},"thumbnailUrl":"https:\/\/lion-environnement.org\/wp-content\/uploads\/2017\/11\/Bouture.jpg","datePublished":"2017-11-01T10:49:48+00:00","dateModified":"2017-11-14T22:06:43+00:00","breadcrumb":{"@id":"https:\/\/lion-environnement.org\/index.php\/2017\/11\/01\/des-boutures-pour-la-cloture-vegetale-du-jardin-partage\/#breadcrumb"},"inLanguage":"fr-FR","potentialAction":[{"@type":"ReadAction","target":["https:\/\/lion-environnement.org\/index.php\/2017\/11\/01\/des-boutures-pour-la-cloture-vegetale-du-jardin-partage\/"]}]},{"@type":"ImageObject","inLanguage":"fr-FR","@id":"https:\/\/lion-environnement.org\/index.php\/2017\/11\/01\/des-boutures-pour-la-cloture-vegetale-du-jardin-partage\/#primaryimage","url":"https:\/\/lion-environnement.org\/wp-content\/uploads\/2017\/11\/Bouture.jpg","contentUrl":"https:\/\/lion-environnement.org\/wp-content\/uploads\/2017\/11\/Bouture.jpg","width":800,"height":600},{"@type":"BreadcrumbList","@id":"https:\/\/lion-environnement.org\/index.php\/2017\/11\/01\/des-boutures-pour-la-cloture-vegetale-du-jardin-partage\/#breadcrumb","itemListElement":[{"@type":"ListItem","position":1,"name":"Accueil","item":"https:\/\/lion-environnement.org\/"},{"@type":"ListItem","position":2,"name":"Des boutures pour la cl\u00f4ture v\u00e9g\u00e9tale du jardin partag\u00e9"}]},{"@type":"WebSite","@id":"https:\/\/lion-environnement.org\/#website","url":"https:\/\/lion-environnement.org\/","name":"Lion Environnement","description":"Lions nos \u00e9nergies pour pr\u00e9server l&#039;environnement et la sant\u00e9","publisher":{"@id":"https:\/\/lion-environnement.org\/#organization"},"potentialAction":[{"@type":"SearchAction","target":{"@type":"EntryPoint","urlTemplate":"https:\/\/lion-environnement.org\/?s={search_term_string}"},"query-input":{"@type":"PropertyValueSpecification","valueRequired":true,"valueName":"search_term_string"}}],"inLanguage":"fr-FR"},{"@type":"Organization","@id":"https:\/\/lion-environnement.org\/#organization","name":"Lion Environnement","url":"https:\/\/lion-environnement.org\/","logo":{"@type":"ImageObject","inLanguage":"fr-FR","@id":"https:\/\/lion-environnement.org\/#\/schema\/logo\/image\/","url":"https:\/\/lion-environnement.org\/wp-content\/uploads\/2016\/04\/logoLElongWeb-1.jpg","contentUrl":"https:\/\/lion-environnement.org\/wp-content\/uploads\/2016\/04\/logoLElongWeb-1.jpg","width":487,"height":113,"caption":"Lion Environnement"},"image":{"@id":"https:\/\/lion-environnement.org\/#\/schema\/logo\/image\/"},"sameAs":["https:\/\/www.facebook.com\/LionEnvironnement\/?locale=fr_FR","https:\/\/www.instagram.com\/environnementlion"]},{"@type":"Person","@id":"https:\/\/lion-environnement.org\/#\/schema\/person\/6bff47bbe54852fb28da32787648c52d","name":"herve zede","image":{"@type":"ImageObject","inLanguage":"fr-FR","@id":"https:\/\/secure.gravatar.com\/avatar\/3bdae38d66c6067e588e9cc13a450d718883fe3dbe911dac7707a8c4b977806d?s=96&d=mm&r=g","url":"https:\/\/secure.gravatar.com\/avatar\/3bdae38d66c6067e588e9cc13a450d718883fe3dbe911dac7707a8c4b977806d?s=96&d=mm&r=g","contentUrl":"https:\/\/secure.gravatar.com\/avatar\/3bdae38d66c6067e588e9cc13a450d718883fe3dbe911dac7707a8c4b977806d?s=96&d=mm&r=g","caption":"herve zede"},"url":"https:\/\/lion-environnement.org\/index.php\/author\/herve-zede\/"}]}},"_links":{"self":[{"href":"https:\/\/lion-environnement.org\/index.php\/wp-json\/wp\/v2\/posts\/703","targetHints":{"allow":["GET"]}}],"collection":[{"href":"https:\/\/lion-environnement.org\/index.php\/wp-json\/wp\/v2\/posts"}],"about":[{"href":"https:\/\/lion-environnement.org\/index.php\/wp-json\/wp\/v2\/types\/post"}],"author":[{"embeddable":true,"href":"https:\/\/lion-environnement.org\/index.php\/wp-json\/wp\/v2\/users\/1560"}],"replies":[{"embeddable":true,"href":"https:\/\/lion-environnement.org\/index.php\/wp-json\/wp\/v2\/comments?post=703"}],"version-history":[{"count":13,"href":"https:\/\/lion-environnement.org\/index.php\/wp-json\/wp\/v2\/posts\/703\/revisions"}],"predecessor-version":[{"id":870,"href":"https:\/\/lion-environnement.org\/index.php\/wp-json\/wp\/v2\/posts\/703\/revisions\/870"}],"wp:featuredmedia":[{"embeddable":true,"href":"https:\/\/lion-environnement.org\/index.php\/wp-json\/wp\/v2\/media\/869"}],"wp:attachment":[{"href":"https:\/\/lion-environnement.org\/index.php\/wp-json\/wp\/v2\/media?parent=703"}],"wp:term":[{"taxonomy":"category","embeddable":true,"href":"https:\/\/lion-environnement.org\/index.php\/wp-json\/wp\/v2\/categories?post=703"},{"taxonomy":"post_tag","embeddable":true,"href":"https:\/\/lion-environnement.org\/index.php\/wp-json\/wp\/v2\/tags?post=703"}],"curies":[{"name":"wp","href":"https:\/\/api.w.org\/{rel}","templated":true}]}}