{"id":6456,"date":"2022-02-01T17:29:54","date_gmt":"2022-02-01T16:29:54","guid":{"rendered":"https:\/\/lion-environnement.org\/?p=6456"},"modified":"2022-02-01T17:29:54","modified_gmt":"2022-02-01T16:29:54","slug":"un-temps-fort-lassemblee-generale","status":"publish","type":"post","link":"https:\/\/lion-environnement.org\/index.php\/2022\/02\/01\/un-temps-fort-lassemblee-generale\/","title":{"rendered":"Un temps fort: l&rsquo;assembl\u00e9e g\u00e9n\u00e9rale"},"content":{"rendered":"<p>Samedi 29 janvier \u00e0 10h \u00e0 la salle du clos Baron a eu lieu notre assembl\u00e9e g\u00e9n\u00e9rale annuelle.<\/p>\n<p>La salle \u00e9tait bien chauff\u00e9e , les adh\u00e9rents sont venus nombreux (une cinquantaine). Bruno (notre pr\u00e9sident) a commenc\u00e9 par faire un rapide bilan de la vie de notre association qu&rsquo;il a d\u00e9crite comme solide, dynamique et conviviale. Comme pour toutes les associations, nous, les adh\u00e9rents en sommes la richesse . Les r\u00e9f\u00e9rents des diff\u00e9rentes activit\u00e9s sont remplac\u00e9s lorsqu&rsquo;ils souhaitent lever le pied, le CA se renouvelle\u2026 Mais il\u00a0 faut veiller \u00e0 bien r\u00e9partir l&rsquo;investissement des uns et des autres . Bruno nous a ainsi fait part de son souhait de passer la main en 2024 et de la n\u00e9cessit\u00e9 de r\u00e9fl\u00e9chir \u00e0 l&rsquo;\u00e9volution de notre organisation.<\/p>\n<p>Le bilan des activit\u00e9s a suivi, il sera adress\u00e9 \u00e0 chacun.<\/p>\n<p><img loading=\"lazy\" decoding=\"async\" class=\"alignnone size-large wp-image-6459\" src=\"https:\/\/lion-environnement.org\/wp-content\/uploads\/2022\/02\/20220129_101624-1024x576.jpg\" alt=\"\" width=\"550\" height=\"309\" srcset=\"https:\/\/lion-environnement.org\/wp-content\/uploads\/2022\/02\/20220129_101624-1024x576.jpg 1024w, https:\/\/lion-environnement.org\/wp-content\/uploads\/2022\/02\/20220129_101624-300x169.jpg 300w, https:\/\/lion-environnement.org\/wp-content\/uploads\/2022\/02\/20220129_101624-768x432.jpg 768w, https:\/\/lion-environnement.org\/wp-content\/uploads\/2022\/02\/20220129_101624-1536x864.jpg 1536w, https:\/\/lion-environnement.org\/wp-content\/uploads\/2022\/02\/20220129_101624-2048x1152.jpg 2048w, https:\/\/lion-environnement.org\/wp-content\/uploads\/2022\/02\/20220129_101624-1320x743.jpg 1320w\" sizes=\"auto, (max-width: 550px) 100vw, 550px\" \/><\/p>\n<p>Enfin, le projet Territoire Engag\u00e9 pour la Nature(TEN) port\u00e9\u00a0 par la municipalit\u00e9 de Lion sur mer , en collaboration avec Lion Environnement a donn\u00e9 lieu \u00e0 3 ateliers:<\/p>\n<ul>\n<li>&#8211; plantation d&rsquo;arbres sur la commune<\/li>\n<li>-inventaire participatif de la biodiversit\u00e9<\/li>\n<li>&#8211; fabrication et installation de nichoirs \u00e0 martinets.<\/li>\n<\/ul>\n<p>Ces trois ateliers ont permis de mettre sur rail un travail collaboratif au long court auquel chacun peut participer en contactant Lion Environnement : lion.environnement@gmail.com<\/p>\n<p>Cette assembl\u00e9e g\u00e9n\u00e9rale nous a permis de recharger nos batteries et de renforcer notre motivation \u00e0 agir ensemble.<\/p>\n<p>&nbsp;<\/p>\n<p>&nbsp;<\/p>\n","protected":false},"excerpt":{"rendered":"<p>Samedi 29 janvier \u00e0 10h \u00e0 la salle du clos Baron a eu lieu notre assembl\u00e9e g\u00e9n\u00e9rale annuelle. La salle \u00e9tait bien chauff\u00e9e , les adh\u00e9rents sont venus nombreux (une cinquantaine). Bruno (notre pr\u00e9sident) a commenc\u00e9 par faire un rapide bilan de la vie de notre association qu&rsquo;il a d\u00e9crite comme solide, dynamique et conviviale.\u2026<\/p>\n","protected":false},"author":1547,"featured_media":6459,"comment_status":"open","ping_status":"open","sticky":false,"template":"","format":"standard","meta":{"footnotes":""},"categories":[5],"tags":[],"class_list":["post-6456","post","type-post","status-publish","format-standard","has-post-thumbnail","hentry","category-actualite"],"_wp_attached_file":null,"_wp_attachment_metadata":null,"_menu_item_type":null,"_menu_item_menu_item_parent":null,"_menu_item_object_id":null,"_menu_item_object":null,"_menu_item_target":null,"_menu_item_classes":null,"_menu_item_xfn":null,"_menu_item_url":null,"_eventorganiser_event_schedule":null,"_eventorganiser_schedule_until":null,"_wpas_done_all":null,"_eventorganiser_schedule_start_start":null,"_eventorganiser_schedule_start_finish":null,"_eventorganiser_schedule_last_start":null,"_eventorganiser_schedule_last_finish":null,"_wp_attachment_backup_sizes":null,"_wp_attachment_context":null,"event_address":null,"event_start_date":null,"event_to_time":null,"event_from_time":null,"event_end_date":null,"_oembed_7e6c0eb53f1b87dceeb7157df4c64ecd":null,"_oembed_ac860e2f1183d5fbf8efad3e14b2b998":null,"_oembed_2fa3d1dc2e72f2f3db15582a07766e9d":null,"_oembed_ba1f94dfef6f2f056282005c87e1dd1f":null,"_oembed_b4fa8c58de01621c3377349423193585":null,"_oembed_2c076515dc13114e0a07a701157042d8":null,"_oembed_time_2c076515dc13114e0a07a701157042d8":null,"_su_description":null,"_wp_attachment_is_custom_header":null,"_wp_attachment_custom_header_last_used_enigma":null,"_mc_event_shortcode":null,"_mc_event_access":null,"_mc_event_id":null,"_mc_event_desc":null,"_mc_event_image":null,"_event_time_label":null,"_mc_event_data":null,"_snap_forceSURL":null,"snap_MYURL":null,"snapEdIT":null,"_mc_event_location":null,"_oembed_cdb00187755a40067dfed1152b83fa85":null,"_oembed_2a2b1181a4872c3fcae632ccb831338e":null,"_oembed_223e8f80fcafbbb0e655c3b852ad258b":null,"_oembed_f2dbc4e0e03552dca3704dc9d3b35b81":null,"_oembed_0f31e9c8d775433415a564642134b876":null,"_oembed_37f37d6d5d0f763259b5f2d5c6698765":null,"_oembed_7d585094b05c3c88729a16a5d0b76382":null,"_oembed_49e3f6fef25f62658e66c1baa5716b3c":null,"_oembed_3bbcd6cd9ba0f8e8cead97d8bddbbbae":null,"_oembed_6107383b394908a78bf711554ae8a1e4":null,"_oembed_5d6a5ae5cd2e93d5022ed2485426fcf4":null,"_oembed_422f96ea83a4884539ceb42326a11ee5":null,"_oembed_ab6628735dc0e2101ba08ec87fcef1b7":null,"_oembed_75bd89488fe790d8e4f203396bb84c81":null,"_oembed_time_75bd89488fe790d8e4f203396bb84c81":null,"_oembed_c6d8784021cf1310fe080cd343275a5a":null,"_oembed_time_c6d8784021cf1310fe080cd343275a5a":null,"_wp_attachment_custom_header_last_used_greenigma":null,"_wp_attachment_is_custom_background":null,"enclosure":null,"_oembed_3bca2a21e398bc75f8a1b2ec60f88d23":null,"_oembed_25600d5f25f51af7be904b38ccae40ec":null,"_oembed_time_25600d5f25f51af7be904b38ccae40ec":null,"_mc_guid":null,"_mc4wp_settings":null,"text_subscribed":null,"text_invalid_email":null,"text_required_field_missing":null,"text_already_subscribed":null,"text_error":null,"text_unsubscribed":null,"text_not_subscribed":null,"text_no_lists_selected":null,"text_updated":null,"_bbp_reply_count_hidden":null,"_bbp_topic_count_hidden":null,"_bbp_total_topic_count":null,"_bbp_topic_count":null,"_bbp_total_reply_count":null,"_bbp_reply_count":null,"_bbp_forum_subforum_count":null,"_bbp_last_active_time":null,"user_registration_form_setting_default_user_role":null,"user_registration_form_setting_enable_strong_password":null,"user_registration_form_setting_minimum_password_strength":null,"user_registration_form_setting_form_submit_label":null,"user_registration_form_setting_enable_recaptcha_support":null,"user_registration_form_template":null,"user_registration_form_custom_class":null,"_oembed_ef95b2b98f04716f23e0a4eed7816e1b":null,"_oembed_time_ef95b2b98f04716f23e0a4eed7816e1b":null,"_wp_attachment_image_alt":null,"_mc_event_date":null,"_customize_changeset_uuid":null,"sg_popup_target":null,"sg_popup_events":null,"sg_popup_options":null,"_oembed_caf01abe71309dc253791159ac4336cb":null,"_sgpb_original":null,"sg_popup_events_preview":null,"sg_popup_options_preview":null,"sg_popup_target_preview":null,"user_registration_form_setting_redirect_options":null,"_oembed_10c4a1529e884332ff612b45feeae083":null,"_bbp_forum_id":null,"_bbp_last_topic_id":null,"_bbp_last_reply_id":null,"_bbp_last_active_id":null,"_form":null,"_mail":null,"_mail_2":null,"_messages":null,"_additional_settings":null,"_locale":null,"_elementor_css":null,"_menu_sgpb_popup_id":null,"_oembed_bbc07775835a27fca3dab6de0a78c453":null,"cmplz_tc_document_status":null,"_oembed_a8eea5673581fdb5da3c215c1676eaf2":null,"_oembed_time_a8eea5673581fdb5da3c215c1676eaf2":null,"_bbp_forum_type":null,"_bbp_status":null,"_bbp_total_reply_count_hidden":null,"_wp_page_template":null,"_edit_last":"1547","_edit_lock":"1648738265:1","_su_rich_snippet_type":"none","xyz_fbap":null,"xyz_fbap_insert_og":null,"_thumbnail_id":"6459","_jetpack_dont_email_post_to_subs":null,"_su_title":null,"_cmplz_scanned_post":"1","xyz_fbap_future_to_publish":null,"_wp_old_slug":null,"_wp_old_date":null,"cmplz_hide_cookiebanner":null,"_elementor_template_type":null,"_elementor_edit_mode":null,"_elementor_data":null,"_elementor_version":null,"_elementor_controls_usage":null,"classic-editor-remember":"classic-editor","_wp_trash_meta_status":null,"_wp_trash_meta_time":null,"_wp_desired_post_slug":null,"yoast_head":"<!-- This site is optimized with the Yoast SEO plugin v27.4 - https:\/\/yoast.com\/product\/yoast-seo-wordpress\/ -->\n<title>Un temps fort: l&#039;assembl\u00e9e g\u00e9n\u00e9rale - Lion Environnement<\/title>\n<meta name=\"robots\" content=\"index, follow, max-snippet:-1, max-image-preview:large, max-video-preview:-1\" \/>\n<link rel=\"canonical\" href=\"https:\/\/lion-environnement.org\/index.php\/2022\/02\/01\/un-temps-fort-lassemblee-generale\/\" \/>\n<meta property=\"og:locale\" content=\"fr_FR\" \/>\n<meta property=\"og:type\" content=\"article\" \/>\n<meta property=\"og:title\" content=\"Un temps fort: l&#039;assembl\u00e9e g\u00e9n\u00e9rale - Lion Environnement\" \/>\n<meta property=\"og:description\" content=\"Samedi 29 janvier \u00e0 10h \u00e0 la salle du clos Baron a eu lieu notre assembl\u00e9e g\u00e9n\u00e9rale annuelle. La salle \u00e9tait bien chauff\u00e9e , les adh\u00e9rents sont venus nombreux (une cinquantaine). Bruno (notre pr\u00e9sident) a commenc\u00e9 par faire un rapide bilan de la vie de notre association qu&rsquo;il a d\u00e9crite comme solide, dynamique et conviviale.\u2026\" \/>\n<meta property=\"og:url\" content=\"https:\/\/lion-environnement.org\/index.php\/2022\/02\/01\/un-temps-fort-lassemblee-generale\/\" \/>\n<meta property=\"og:site_name\" content=\"Lion Environnement\" \/>\n<meta property=\"article:publisher\" content=\"https:\/\/www.facebook.com\/LionEnvironnement\/?locale=fr_FR\" \/>\n<meta property=\"article:published_time\" content=\"2022-02-01T16:29:54+00:00\" \/>\n<meta property=\"og:image\" content=\"https:\/\/lion-environnement.org\/wp-content\/uploads\/2022\/02\/20220129_101624-scaled.jpg\" \/>\n\t<meta property=\"og:image:width\" content=\"2560\" \/>\n\t<meta property=\"og:image:height\" content=\"1440\" \/>\n\t<meta property=\"og:image:type\" content=\"image\/jpeg\" \/>\n<meta name=\"author\" content=\"Fran\u00e7oise Boisnard\" \/>\n<meta name=\"twitter:card\" content=\"summary_large_image\" \/>\n<meta name=\"twitter:label1\" content=\"\u00c9crit par\" \/>\n\t<meta name=\"twitter:data1\" content=\"Fran\u00e7oise Boisnard\" \/>\n\t<meta name=\"twitter:label2\" content=\"Dur\u00e9e de lecture estim\u00e9e\" \/>\n\t<meta name=\"twitter:data2\" content=\"1 minute\" \/>\n<script type=\"application\/ld+json\" class=\"yoast-schema-graph\">{\"@context\":\"https:\\\/\\\/schema.org\",\"@graph\":[{\"@type\":\"Article\",\"@id\":\"https:\\\/\\\/lion-environnement.org\\\/index.php\\\/2022\\\/02\\\/01\\\/un-temps-fort-lassemblee-generale\\\/#article\",\"isPartOf\":{\"@id\":\"https:\\\/\\\/lion-environnement.org\\\/index.php\\\/2022\\\/02\\\/01\\\/un-temps-fort-lassemblee-generale\\\/\"},\"author\":{\"name\":\"Fran\u00e7oise Boisnard\",\"@id\":\"https:\\\/\\\/lion-environnement.org\\\/#\\\/schema\\\/person\\\/3232cb831e7607cdc4ac99f67f3a2a04\"},\"headline\":\"Un temps fort: l&rsquo;assembl\u00e9e g\u00e9n\u00e9rale\",\"datePublished\":\"2022-02-01T16:29:54+00:00\",\"mainEntityOfPage\":{\"@id\":\"https:\\\/\\\/lion-environnement.org\\\/index.php\\\/2022\\\/02\\\/01\\\/un-temps-fort-lassemblee-generale\\\/\"},\"wordCount\":250,\"commentCount\":0,\"publisher\":{\"@id\":\"https:\\\/\\\/lion-environnement.org\\\/#organization\"},\"image\":{\"@id\":\"https:\\\/\\\/lion-environnement.org\\\/index.php\\\/2022\\\/02\\\/01\\\/un-temps-fort-lassemblee-generale\\\/#primaryimage\"},\"thumbnailUrl\":\"https:\\\/\\\/lion-environnement.org\\\/wp-content\\\/uploads\\\/2022\\\/02\\\/20220129_101624-scaled.jpg\",\"articleSection\":[\"actualit\u00e9s\"],\"inLanguage\":\"fr-FR\",\"potentialAction\":[{\"@type\":\"CommentAction\",\"name\":\"Comment\",\"target\":[\"https:\\\/\\\/lion-environnement.org\\\/index.php\\\/2022\\\/02\\\/01\\\/un-temps-fort-lassemblee-generale\\\/#respond\"]}]},{\"@type\":\"WebPage\",\"@id\":\"https:\\\/\\\/lion-environnement.org\\\/index.php\\\/2022\\\/02\\\/01\\\/un-temps-fort-lassemblee-generale\\\/\",\"url\":\"https:\\\/\\\/lion-environnement.org\\\/index.php\\\/2022\\\/02\\\/01\\\/un-temps-fort-lassemblee-generale\\\/\",\"name\":\"Un temps fort: l'assembl\u00e9e g\u00e9n\u00e9rale - Lion Environnement\",\"isPartOf\":{\"@id\":\"https:\\\/\\\/lion-environnement.org\\\/#website\"},\"primaryImageOfPage\":{\"@id\":\"https:\\\/\\\/lion-environnement.org\\\/index.php\\\/2022\\\/02\\\/01\\\/un-temps-fort-lassemblee-generale\\\/#primaryimage\"},\"image\":{\"@id\":\"https:\\\/\\\/lion-environnement.org\\\/index.php\\\/2022\\\/02\\\/01\\\/un-temps-fort-lassemblee-generale\\\/#primaryimage\"},\"thumbnailUrl\":\"https:\\\/\\\/lion-environnement.org\\\/wp-content\\\/uploads\\\/2022\\\/02\\\/20220129_101624-scaled.jpg\",\"datePublished\":\"2022-02-01T16:29:54+00:00\",\"breadcrumb\":{\"@id\":\"https:\\\/\\\/lion-environnement.org\\\/index.php\\\/2022\\\/02\\\/01\\\/un-temps-fort-lassemblee-generale\\\/#breadcrumb\"},\"inLanguage\":\"fr-FR\",\"potentialAction\":[{\"@type\":\"ReadAction\",\"target\":[\"https:\\\/\\\/lion-environnement.org\\\/index.php\\\/2022\\\/02\\\/01\\\/un-temps-fort-lassemblee-generale\\\/\"]}]},{\"@type\":\"ImageObject\",\"inLanguage\":\"fr-FR\",\"@id\":\"https:\\\/\\\/lion-environnement.org\\\/index.php\\\/2022\\\/02\\\/01\\\/un-temps-fort-lassemblee-generale\\\/#primaryimage\",\"url\":\"https:\\\/\\\/lion-environnement.org\\\/wp-content\\\/uploads\\\/2022\\\/02\\\/20220129_101624-scaled.jpg\",\"contentUrl\":\"https:\\\/\\\/lion-environnement.org\\\/wp-content\\\/uploads\\\/2022\\\/02\\\/20220129_101624-scaled.jpg\",\"width\":2560,\"height\":1440},{\"@type\":\"BreadcrumbList\",\"@id\":\"https:\\\/\\\/lion-environnement.org\\\/index.php\\\/2022\\\/02\\\/01\\\/un-temps-fort-lassemblee-generale\\\/#breadcrumb\",\"itemListElement\":[{\"@type\":\"ListItem\",\"position\":1,\"name\":\"Accueil\",\"item\":\"https:\\\/\\\/lion-environnement.org\\\/\"},{\"@type\":\"ListItem\",\"position\":2,\"name\":\"Un temps fort: l&rsquo;assembl\u00e9e g\u00e9n\u00e9rale\"}]},{\"@type\":\"WebSite\",\"@id\":\"https:\\\/\\\/lion-environnement.org\\\/#website\",\"url\":\"https:\\\/\\\/lion-environnement.org\\\/\",\"name\":\"Lion Environnement\",\"description\":\"Lions nos \u00e9nergies pour pr\u00e9server l&#039;environnement et la sant\u00e9\",\"publisher\":{\"@id\":\"https:\\\/\\\/lion-environnement.org\\\/#organization\"},\"potentialAction\":[{\"@type\":\"SearchAction\",\"target\":{\"@type\":\"EntryPoint\",\"urlTemplate\":\"https:\\\/\\\/lion-environnement.org\\\/?s={search_term_string}\"},\"query-input\":{\"@type\":\"PropertyValueSpecification\",\"valueRequired\":true,\"valueName\":\"search_term_string\"}}],\"inLanguage\":\"fr-FR\"},{\"@type\":\"Organization\",\"@id\":\"https:\\\/\\\/lion-environnement.org\\\/#organization\",\"name\":\"Lion Environnement\",\"url\":\"https:\\\/\\\/lion-environnement.org\\\/\",\"logo\":{\"@type\":\"ImageObject\",\"inLanguage\":\"fr-FR\",\"@id\":\"https:\\\/\\\/lion-environnement.org\\\/#\\\/schema\\\/logo\\\/image\\\/\",\"url\":\"https:\\\/\\\/lion-environnement.org\\\/wp-content\\\/uploads\\\/2016\\\/04\\\/logoLElongWeb-1.jpg\",\"contentUrl\":\"https:\\\/\\\/lion-environnement.org\\\/wp-content\\\/uploads\\\/2016\\\/04\\\/logoLElongWeb-1.jpg\",\"width\":487,\"height\":113,\"caption\":\"Lion Environnement\"},\"image\":{\"@id\":\"https:\\\/\\\/lion-environnement.org\\\/#\\\/schema\\\/logo\\\/image\\\/\"},\"sameAs\":[\"https:\\\/\\\/www.facebook.com\\\/LionEnvironnement\\\/?locale=fr_FR\",\"https:\\\/\\\/www.instagram.com\\\/environnementlion\"]},{\"@type\":\"Person\",\"@id\":\"https:\\\/\\\/lion-environnement.org\\\/#\\\/schema\\\/person\\\/3232cb831e7607cdc4ac99f67f3a2a04\",\"name\":\"Fran\u00e7oise Boisnard\",\"image\":{\"@type\":\"ImageObject\",\"inLanguage\":\"fr-FR\",\"@id\":\"https:\\\/\\\/secure.gravatar.com\\\/avatar\\\/f3e342d9051121a9c0a9d7364e64d0ec3a3d04f41ea565cb3b24701989eb5c14?s=96&d=mm&r=g\",\"url\":\"https:\\\/\\\/secure.gravatar.com\\\/avatar\\\/f3e342d9051121a9c0a9d7364e64d0ec3a3d04f41ea565cb3b24701989eb5c14?s=96&d=mm&r=g\",\"contentUrl\":\"https:\\\/\\\/secure.gravatar.com\\\/avatar\\\/f3e342d9051121a9c0a9d7364e64d0ec3a3d04f41ea565cb3b24701989eb5c14?s=96&d=mm&r=g\",\"caption\":\"Fran\u00e7oise Boisnard\"},\"url\":\"https:\\\/\\\/lion-environnement.org\\\/index.php\\\/author\\\/francoise-b\\\/\"}]}<\/script>\n<!-- \/ Yoast SEO plugin. -->","yoast_head_json":{"title":"Un temps fort: l'assembl\u00e9e g\u00e9n\u00e9rale - Lion Environnement","robots":{"index":"index","follow":"follow","max-snippet":"max-snippet:-1","max-image-preview":"max-image-preview:large","max-video-preview":"max-video-preview:-1"},"canonical":"https:\/\/lion-environnement.org\/index.php\/2022\/02\/01\/un-temps-fort-lassemblee-generale\/","og_locale":"fr_FR","og_type":"article","og_title":"Un temps fort: l'assembl\u00e9e g\u00e9n\u00e9rale - Lion Environnement","og_description":"Samedi 29 janvier \u00e0 10h \u00e0 la salle du clos Baron a eu lieu notre assembl\u00e9e g\u00e9n\u00e9rale annuelle. La salle \u00e9tait bien chauff\u00e9e , les adh\u00e9rents sont venus nombreux (une cinquantaine). Bruno (notre pr\u00e9sident) a commenc\u00e9 par faire un rapide bilan de la vie de notre association qu&rsquo;il a d\u00e9crite comme solide, dynamique et conviviale.\u2026","og_url":"https:\/\/lion-environnement.org\/index.php\/2022\/02\/01\/un-temps-fort-lassemblee-generale\/","og_site_name":"Lion Environnement","article_publisher":"https:\/\/www.facebook.com\/LionEnvironnement\/?locale=fr_FR","article_published_time":"2022-02-01T16:29:54+00:00","og_image":[{"width":2560,"height":1440,"url":"https:\/\/lion-environnement.org\/wp-content\/uploads\/2022\/02\/20220129_101624-scaled.jpg","type":"image\/jpeg"}],"author":"Fran\u00e7oise Boisnard","twitter_card":"summary_large_image","twitter_misc":{"\u00c9crit par":"Fran\u00e7oise Boisnard","Dur\u00e9e de lecture estim\u00e9e":"1 minute"},"schema":{"@context":"https:\/\/schema.org","@graph":[{"@type":"Article","@id":"https:\/\/lion-environnement.org\/index.php\/2022\/02\/01\/un-temps-fort-lassemblee-generale\/#article","isPartOf":{"@id":"https:\/\/lion-environnement.org\/index.php\/2022\/02\/01\/un-temps-fort-lassemblee-generale\/"},"author":{"name":"Fran\u00e7oise Boisnard","@id":"https:\/\/lion-environnement.org\/#\/schema\/person\/3232cb831e7607cdc4ac99f67f3a2a04"},"headline":"Un temps fort: l&rsquo;assembl\u00e9e g\u00e9n\u00e9rale","datePublished":"2022-02-01T16:29:54+00:00","mainEntityOfPage":{"@id":"https:\/\/lion-environnement.org\/index.php\/2022\/02\/01\/un-temps-fort-lassemblee-generale\/"},"wordCount":250,"commentCount":0,"publisher":{"@id":"https:\/\/lion-environnement.org\/#organization"},"image":{"@id":"https:\/\/lion-environnement.org\/index.php\/2022\/02\/01\/un-temps-fort-lassemblee-generale\/#primaryimage"},"thumbnailUrl":"https:\/\/lion-environnement.org\/wp-content\/uploads\/2022\/02\/20220129_101624-scaled.jpg","articleSection":["actualit\u00e9s"],"inLanguage":"fr-FR","potentialAction":[{"@type":"CommentAction","name":"Comment","target":["https:\/\/lion-environnement.org\/index.php\/2022\/02\/01\/un-temps-fort-lassemblee-generale\/#respond"]}]},{"@type":"WebPage","@id":"https:\/\/lion-environnement.org\/index.php\/2022\/02\/01\/un-temps-fort-lassemblee-generale\/","url":"https:\/\/lion-environnement.org\/index.php\/2022\/02\/01\/un-temps-fort-lassemblee-generale\/","name":"Un temps fort: l'assembl\u00e9e g\u00e9n\u00e9rale - Lion Environnement","isPartOf":{"@id":"https:\/\/lion-environnement.org\/#website"},"primaryImageOfPage":{"@id":"https:\/\/lion-environnement.org\/index.php\/2022\/02\/01\/un-temps-fort-lassemblee-generale\/#primaryimage"},"image":{"@id":"https:\/\/lion-environnement.org\/index.php\/2022\/02\/01\/un-temps-fort-lassemblee-generale\/#primaryimage"},"thumbnailUrl":"https:\/\/lion-environnement.org\/wp-content\/uploads\/2022\/02\/20220129_101624-scaled.jpg","datePublished":"2022-02-01T16:29:54+00:00","breadcrumb":{"@id":"https:\/\/lion-environnement.org\/index.php\/2022\/02\/01\/un-temps-fort-lassemblee-generale\/#breadcrumb"},"inLanguage":"fr-FR","potentialAction":[{"@type":"ReadAction","target":["https:\/\/lion-environnement.org\/index.php\/2022\/02\/01\/un-temps-fort-lassemblee-generale\/"]}]},{"@type":"ImageObject","inLanguage":"fr-FR","@id":"https:\/\/lion-environnement.org\/index.php\/2022\/02\/01\/un-temps-fort-lassemblee-generale\/#primaryimage","url":"https:\/\/lion-environnement.org\/wp-content\/uploads\/2022\/02\/20220129_101624-scaled.jpg","contentUrl":"https:\/\/lion-environnement.org\/wp-content\/uploads\/2022\/02\/20220129_101624-scaled.jpg","width":2560,"height":1440},{"@type":"BreadcrumbList","@id":"https:\/\/lion-environnement.org\/index.php\/2022\/02\/01\/un-temps-fort-lassemblee-generale\/#breadcrumb","itemListElement":[{"@type":"ListItem","position":1,"name":"Accueil","item":"https:\/\/lion-environnement.org\/"},{"@type":"ListItem","position":2,"name":"Un temps fort: l&rsquo;assembl\u00e9e g\u00e9n\u00e9rale"}]},{"@type":"WebSite","@id":"https:\/\/lion-environnement.org\/#website","url":"https:\/\/lion-environnement.org\/","name":"Lion Environnement","description":"Lions nos \u00e9nergies pour pr\u00e9server l&#039;environnement et la sant\u00e9","publisher":{"@id":"https:\/\/lion-environnement.org\/#organization"},"potentialAction":[{"@type":"SearchAction","target":{"@type":"EntryPoint","urlTemplate":"https:\/\/lion-environnement.org\/?s={search_term_string}"},"query-input":{"@type":"PropertyValueSpecification","valueRequired":true,"valueName":"search_term_string"}}],"inLanguage":"fr-FR"},{"@type":"Organization","@id":"https:\/\/lion-environnement.org\/#organization","name":"Lion Environnement","url":"https:\/\/lion-environnement.org\/","logo":{"@type":"ImageObject","inLanguage":"fr-FR","@id":"https:\/\/lion-environnement.org\/#\/schema\/logo\/image\/","url":"https:\/\/lion-environnement.org\/wp-content\/uploads\/2016\/04\/logoLElongWeb-1.jpg","contentUrl":"https:\/\/lion-environnement.org\/wp-content\/uploads\/2016\/04\/logoLElongWeb-1.jpg","width":487,"height":113,"caption":"Lion Environnement"},"image":{"@id":"https:\/\/lion-environnement.org\/#\/schema\/logo\/image\/"},"sameAs":["https:\/\/www.facebook.com\/LionEnvironnement\/?locale=fr_FR","https:\/\/www.instagram.com\/environnementlion"]},{"@type":"Person","@id":"https:\/\/lion-environnement.org\/#\/schema\/person\/3232cb831e7607cdc4ac99f67f3a2a04","name":"Fran\u00e7oise Boisnard","image":{"@type":"ImageObject","inLanguage":"fr-FR","@id":"https:\/\/secure.gravatar.com\/avatar\/f3e342d9051121a9c0a9d7364e64d0ec3a3d04f41ea565cb3b24701989eb5c14?s=96&d=mm&r=g","url":"https:\/\/secure.gravatar.com\/avatar\/f3e342d9051121a9c0a9d7364e64d0ec3a3d04f41ea565cb3b24701989eb5c14?s=96&d=mm&r=g","contentUrl":"https:\/\/secure.gravatar.com\/avatar\/f3e342d9051121a9c0a9d7364e64d0ec3a3d04f41ea565cb3b24701989eb5c14?s=96&d=mm&r=g","caption":"Fran\u00e7oise Boisnard"},"url":"https:\/\/lion-environnement.org\/index.php\/author\/francoise-b\/"}]}},"_links":{"self":[{"href":"https:\/\/lion-environnement.org\/index.php\/wp-json\/wp\/v2\/posts\/6456","targetHints":{"allow":["GET"]}}],"collection":[{"href":"https:\/\/lion-environnement.org\/index.php\/wp-json\/wp\/v2\/posts"}],"about":[{"href":"https:\/\/lion-environnement.org\/index.php\/wp-json\/wp\/v2\/types\/post"}],"author":[{"embeddable":true,"href":"https:\/\/lion-environnement.org\/index.php\/wp-json\/wp\/v2\/users\/1547"}],"replies":[{"embeddable":true,"href":"https:\/\/lion-environnement.org\/index.php\/wp-json\/wp\/v2\/comments?post=6456"}],"version-history":[{"count":6,"href":"https:\/\/lion-environnement.org\/index.php\/wp-json\/wp\/v2\/posts\/6456\/revisions"}],"predecessor-version":[{"id":6463,"href":"https:\/\/lion-environnement.org\/index.php\/wp-json\/wp\/v2\/posts\/6456\/revisions\/6463"}],"wp:featuredmedia":[{"embeddable":true,"href":"https:\/\/lion-environnement.org\/index.php\/wp-json\/wp\/v2\/media\/6459"}],"wp:attachment":[{"href":"https:\/\/lion-environnement.org\/index.php\/wp-json\/wp\/v2\/media?parent=6456"}],"wp:term":[{"taxonomy":"category","embeddable":true,"href":"https:\/\/lion-environnement.org\/index.php\/wp-json\/wp\/v2\/categories?post=6456"},{"taxonomy":"post_tag","embeddable":true,"href":"https:\/\/lion-environnement.org\/index.php\/wp-json\/wp\/v2\/tags?post=6456"}],"curies":[{"name":"wp","href":"https:\/\/api.w.org\/{rel}","templated":true}]}}