{"id":6354,"date":"2021-12-01T18:42:37","date_gmt":"2021-12-01T17:42:37","guid":{"rendered":"https:\/\/lion-environnement.org\/?p=6354"},"modified":"2022-06-21T18:49:22","modified_gmt":"2022-06-21T16:49:22","slug":"cine-debat-la-rentree","status":"publish","type":"post","link":"https:\/\/lion-environnement.org\/index.php\/2021\/12\/01\/cine-debat-la-rentree\/","title":{"rendered":"Cin\u00e9-d\u00e9bat: la rentr\u00e9e"},"content":{"rendered":"\n<p>Vendredi 26 novembre, a eu lieu notre premier cin\u00e9-d\u00e9bat pour cette nouvelle ann\u00e9e 2012-2022. Le festival AlimenTerre en a \u00e9t\u00e9 le support.<\/p>\n<p><img loading=\"lazy\" decoding=\"async\" class=\"alignnone size-large wp-image-6357\" src=\"https:\/\/lion-environnement.org\/wp-content\/uploads\/2021\/12\/DSC03570-1024x586.jpg\" alt=\"\" width=\"550\" height=\"315\" srcset=\"https:\/\/lion-environnement.org\/wp-content\/uploads\/2021\/12\/DSC03570-1024x586.jpg 1024w, https:\/\/lion-environnement.org\/wp-content\/uploads\/2021\/12\/DSC03570-300x172.jpg 300w, https:\/\/lion-environnement.org\/wp-content\/uploads\/2021\/12\/DSC03570-768x440.jpg 768w, https:\/\/lion-environnement.org\/wp-content\/uploads\/2021\/12\/DSC03570-1536x879.jpg 1536w, https:\/\/lion-environnement.org\/wp-content\/uploads\/2021\/12\/DSC03570-2048x1172.jpg 2048w, https:\/\/lion-environnement.org\/wp-content\/uploads\/2021\/12\/DSC03570-1320x755.jpg 1320w\" sizes=\"auto, (max-width: 550px) 100vw, 550px\" \/><\/p>\n<p>Au menu, le film Douce France de Geoffrey Couanon qui nous a permis de suivre le cheminement de quelques adolescents de la banlieue parisienne. Petit \u00e0 petit, nous les voyons, sous la forme d&rsquo;une enqu\u00eate, d\u00e9couvrir et s&rsquo;approprier la notion d&rsquo;environnement et d&rsquo;am\u00e9nagement de l&rsquo;environnement, face \u00e0 un projet de construction d&rsquo;un \u00e9norme centre commercial et de loisirs sur des terres agricoles.<\/p>\n<p>Un film revigorant \u00e0 plusieurs \u00e9gards.<\/p>\n<p>A l&rsquo;issue de la projection, nous avons \u00e9chang\u00e9 avec une administratrice de l&rsquo;association Terre de liens. De nombreuses questions ont permis au public de d\u00e9couvrir cette association qui \u0153uvre \u00e0 la pr\u00e9servation des terres agricoles, en les achetant collectivement et en les mettant \u00e0 disposition\u00a0 de porteurs de projets en agriculture bio.<\/p>\n<p><img loading=\"lazy\" decoding=\"async\" class=\"alignnone size-large wp-image-6358\" src=\"https:\/\/lion-environnement.org\/wp-content\/uploads\/2021\/12\/DSC03575-682x1024.jpg\" alt=\"\" width=\"550\" height=\"826\" srcset=\"https:\/\/lion-environnement.org\/wp-content\/uploads\/2021\/12\/DSC03575-682x1024.jpg 682w, https:\/\/lion-environnement.org\/wp-content\/uploads\/2021\/12\/DSC03575-200x300.jpg 200w, https:\/\/lion-environnement.org\/wp-content\/uploads\/2021\/12\/DSC03575-768x1153.jpg 768w, https:\/\/lion-environnement.org\/wp-content\/uploads\/2021\/12\/DSC03575-1023x1536.jpg 1023w, https:\/\/lion-environnement.org\/wp-content\/uploads\/2021\/12\/DSC03575-1364x2048.jpg 1364w, https:\/\/lion-environnement.org\/wp-content\/uploads\/2021\/12\/DSC03575-1320x1982.jpg 1320w, https:\/\/lion-environnement.org\/wp-content\/uploads\/2021\/12\/DSC03575-scaled.jpg 1705w\" sizes=\"auto, (max-width: 550px) 100vw, 550px\" \/><\/p>\n<p>\u00a0<\/p>\n<p>Notre prochaine s\u00e9ance aura lieu au 1er trimestre 2022. Vraisemblablement autour de dernier film de Cyril Dion: Animal.<\/p>\n<p>Si vous avez des souhaits, n&rsquo;h\u00e9sitez surtout\u00a0 pas \u00e0 nous proposer des id\u00e9es de films.<\/p>\n","protected":false},"excerpt":{"rendered":"<p>Vendredi 26 novembre, a eu lieu notre premier cin\u00e9-d\u00e9bat pour cette nouvelle ann\u00e9e 2012-2022. Le festival AlimenTerre en a \u00e9t\u00e9 le support. Au menu, le film Douce France de Geoffrey Couanon qui nous a permis de suivre le cheminement de quelques adolescents de la banlieue parisienne. Petit \u00e0 petit, nous les voyons, sous la forme\u2026<\/p>\n","protected":false},"author":1547,"featured_media":0,"comment_status":"open","ping_status":"open","sticky":false,"template":"","format":"standard","meta":{"footnotes":""},"categories":[59],"tags":[],"class_list":["post-6354","post","type-post","status-publish","format-standard","hentry","category-film-debat"],"_wp_attached_file":null,"_wp_attachment_metadata":null,"_menu_item_type":null,"_menu_item_menu_item_parent":null,"_menu_item_object_id":null,"_menu_item_object":null,"_menu_item_target":null,"_menu_item_classes":null,"_menu_item_xfn":null,"_menu_item_url":null,"_eventorganiser_event_schedule":null,"_eventorganiser_schedule_until":null,"_wpas_done_all":null,"_eventorganiser_schedule_start_start":null,"_eventorganiser_schedule_start_finish":null,"_eventorganiser_schedule_last_start":null,"_eventorganiser_schedule_last_finish":null,"_wp_attachment_backup_sizes":null,"_wp_attachment_context":null,"event_address":null,"event_start_date":null,"event_to_time":null,"event_from_time":null,"event_end_date":null,"_oembed_7e6c0eb53f1b87dceeb7157df4c64ecd":null,"_oembed_ac860e2f1183d5fbf8efad3e14b2b998":null,"_oembed_2fa3d1dc2e72f2f3db15582a07766e9d":null,"_oembed_ba1f94dfef6f2f056282005c87e1dd1f":null,"_oembed_b4fa8c58de01621c3377349423193585":null,"_oembed_2c076515dc13114e0a07a701157042d8":null,"_oembed_time_2c076515dc13114e0a07a701157042d8":null,"_su_description":null,"_wp_attachment_is_custom_header":null,"_wp_attachment_custom_header_last_used_enigma":null,"_mc_event_shortcode":null,"_mc_event_access":null,"_mc_event_id":null,"_mc_event_desc":null,"_mc_event_image":null,"_event_time_label":null,"_mc_event_data":null,"_snap_forceSURL":null,"snap_MYURL":null,"snapEdIT":null,"_mc_event_location":null,"_oembed_cdb00187755a40067dfed1152b83fa85":null,"_oembed_2a2b1181a4872c3fcae632ccb831338e":null,"_oembed_223e8f80fcafbbb0e655c3b852ad258b":null,"_oembed_f2dbc4e0e03552dca3704dc9d3b35b81":null,"_oembed_0f31e9c8d775433415a564642134b876":null,"_oembed_37f37d6d5d0f763259b5f2d5c6698765":null,"_oembed_7d585094b05c3c88729a16a5d0b76382":null,"_oembed_49e3f6fef25f62658e66c1baa5716b3c":null,"_oembed_3bbcd6cd9ba0f8e8cead97d8bddbbbae":null,"_oembed_6107383b394908a78bf711554ae8a1e4":null,"_oembed_5d6a5ae5cd2e93d5022ed2485426fcf4":null,"_oembed_422f96ea83a4884539ceb42326a11ee5":null,"_oembed_ab6628735dc0e2101ba08ec87fcef1b7":null,"_oembed_75bd89488fe790d8e4f203396bb84c81":null,"_oembed_time_75bd89488fe790d8e4f203396bb84c81":null,"_oembed_c6d8784021cf1310fe080cd343275a5a":null,"_oembed_time_c6d8784021cf1310fe080cd343275a5a":null,"_wp_attachment_custom_header_last_used_greenigma":null,"_wp_attachment_is_custom_background":null,"enclosure":null,"_oembed_3bca2a21e398bc75f8a1b2ec60f88d23":null,"_oembed_25600d5f25f51af7be904b38ccae40ec":null,"_oembed_time_25600d5f25f51af7be904b38ccae40ec":null,"_mc_guid":null,"_mc4wp_settings":null,"text_subscribed":null,"text_invalid_email":null,"text_required_field_missing":null,"text_already_subscribed":null,"text_error":null,"text_unsubscribed":null,"text_not_subscribed":null,"text_no_lists_selected":null,"text_updated":null,"_bbp_reply_count_hidden":null,"_bbp_topic_count_hidden":null,"_bbp_total_topic_count":null,"_bbp_topic_count":null,"_bbp_total_reply_count":null,"_bbp_reply_count":null,"_bbp_forum_subforum_count":null,"_bbp_last_active_time":null,"user_registration_form_setting_default_user_role":null,"user_registration_form_setting_enable_strong_password":null,"user_registration_form_setting_minimum_password_strength":null,"user_registration_form_setting_form_submit_label":null,"user_registration_form_setting_enable_recaptcha_support":null,"user_registration_form_template":null,"user_registration_form_custom_class":null,"_oembed_ef95b2b98f04716f23e0a4eed7816e1b":null,"_oembed_time_ef95b2b98f04716f23e0a4eed7816e1b":null,"_wp_attachment_image_alt":null,"_mc_event_date":null,"_customize_changeset_uuid":null,"sg_popup_target":null,"sg_popup_events":null,"sg_popup_options":null,"_oembed_caf01abe71309dc253791159ac4336cb":null,"_sgpb_original":null,"sg_popup_events_preview":null,"sg_popup_options_preview":null,"sg_popup_target_preview":null,"user_registration_form_setting_redirect_options":null,"_oembed_10c4a1529e884332ff612b45feeae083":null,"_bbp_forum_id":null,"_bbp_last_topic_id":null,"_bbp_last_reply_id":null,"_bbp_last_active_id":null,"_form":null,"_mail":null,"_mail_2":null,"_messages":null,"_additional_settings":null,"_locale":null,"_elementor_css":null,"_menu_sgpb_popup_id":null,"_oembed_bbc07775835a27fca3dab6de0a78c453":null,"cmplz_tc_document_status":null,"_oembed_a8eea5673581fdb5da3c215c1676eaf2":null,"_oembed_time_a8eea5673581fdb5da3c215c1676eaf2":null,"_bbp_forum_type":null,"_bbp_status":null,"_bbp_total_reply_count_hidden":null,"_wp_page_template":null,"_edit_last":"1559","_edit_lock":"1655830162:1559","_su_rich_snippet_type":"none","xyz_fbap":"1","xyz_fbap_insert_og":"1","_thumbnail_id":null,"_jetpack_dont_email_post_to_subs":null,"_su_title":null,"_cmplz_scanned_post":"1","xyz_fbap_future_to_publish":{"post_fb_permission":1,"xyz_fbap_po_method":"2","xyz_fbap_message":"{POST_TITLE} vient d'\u00eatre publi\u00e9 sur {BLOG_TITLE}"},"_wp_old_slug":null,"_wp_old_date":null,"cmplz_hide_cookiebanner":null,"_elementor_template_type":null,"_elementor_edit_mode":null,"_elementor_data":null,"_elementor_version":null,"_elementor_controls_usage":null,"classic-editor-remember":"block-editor","_wp_trash_meta_status":null,"_wp_trash_meta_time":null,"_wp_desired_post_slug":null,"yoast_head":"<!-- This site is optimized with the Yoast SEO plugin v27.4 - https:\/\/yoast.com\/product\/yoast-seo-wordpress\/ -->\n<title>Cin\u00e9-d\u00e9bat: la rentr\u00e9e - Lion Environnement<\/title>\n<meta name=\"robots\" content=\"index, follow, max-snippet:-1, max-image-preview:large, max-video-preview:-1\" \/>\n<link rel=\"canonical\" href=\"https:\/\/lion-environnement.org\/index.php\/2021\/12\/01\/cine-debat-la-rentree\/\" \/>\n<meta property=\"og:locale\" content=\"fr_FR\" \/>\n<meta property=\"og:type\" content=\"article\" \/>\n<meta property=\"og:title\" content=\"Cin\u00e9-d\u00e9bat: la rentr\u00e9e - Lion Environnement\" \/>\n<meta property=\"og:description\" content=\"Vendredi 26 novembre, a eu lieu notre premier cin\u00e9-d\u00e9bat pour cette nouvelle ann\u00e9e 2012-2022. Le festival AlimenTerre en a \u00e9t\u00e9 le support. Au menu, le film Douce France de Geoffrey Couanon qui nous a permis de suivre le cheminement de quelques adolescents de la banlieue parisienne. Petit \u00e0 petit, nous les voyons, sous la forme\u2026\" \/>\n<meta property=\"og:url\" content=\"https:\/\/lion-environnement.org\/index.php\/2021\/12\/01\/cine-debat-la-rentree\/\" \/>\n<meta property=\"og:site_name\" content=\"Lion Environnement\" \/>\n<meta property=\"article:publisher\" content=\"https:\/\/www.facebook.com\/LionEnvironnement\/?locale=fr_FR\" \/>\n<meta property=\"article:published_time\" content=\"2021-12-01T17:42:37+00:00\" \/>\n<meta property=\"article:modified_time\" content=\"2022-06-21T16:49:22+00:00\" \/>\n<meta property=\"og:image\" content=\"https:\/\/lion-environnement.org\/wp-content\/uploads\/2021\/12\/DSC03570-scaled.jpg\" \/>\n\t<meta property=\"og:image:width\" content=\"2560\" \/>\n\t<meta property=\"og:image:height\" content=\"1465\" \/>\n\t<meta property=\"og:image:type\" content=\"image\/jpeg\" \/>\n<meta name=\"author\" content=\"Fran\u00e7oise Boisnard\" \/>\n<meta name=\"twitter:card\" content=\"summary_large_image\" \/>\n<meta name=\"twitter:label1\" content=\"\u00c9crit par\" \/>\n\t<meta name=\"twitter:data1\" content=\"Fran\u00e7oise Boisnard\" \/>\n\t<meta name=\"twitter:label2\" content=\"Dur\u00e9e de lecture estim\u00e9e\" \/>\n\t<meta name=\"twitter:data2\" content=\"1 minute\" \/>\n<script type=\"application\/ld+json\" class=\"yoast-schema-graph\">{\"@context\":\"https:\\\/\\\/schema.org\",\"@graph\":[{\"@type\":\"Article\",\"@id\":\"https:\\\/\\\/lion-environnement.org\\\/index.php\\\/2021\\\/12\\\/01\\\/cine-debat-la-rentree\\\/#article\",\"isPartOf\":{\"@id\":\"https:\\\/\\\/lion-environnement.org\\\/index.php\\\/2021\\\/12\\\/01\\\/cine-debat-la-rentree\\\/\"},\"author\":{\"name\":\"Fran\u00e7oise Boisnard\",\"@id\":\"https:\\\/\\\/lion-environnement.org\\\/#\\\/schema\\\/person\\\/3232cb831e7607cdc4ac99f67f3a2a04\"},\"headline\":\"Cin\u00e9-d\u00e9bat: la rentr\u00e9e\",\"datePublished\":\"2021-12-01T17:42:37+00:00\",\"dateModified\":\"2022-06-21T16:49:22+00:00\",\"mainEntityOfPage\":{\"@id\":\"https:\\\/\\\/lion-environnement.org\\\/index.php\\\/2021\\\/12\\\/01\\\/cine-debat-la-rentree\\\/\"},\"wordCount\":193,\"commentCount\":0,\"publisher\":{\"@id\":\"https:\\\/\\\/lion-environnement.org\\\/#organization\"},\"image\":{\"@id\":\"https:\\\/\\\/lion-environnement.org\\\/index.php\\\/2021\\\/12\\\/01\\\/cine-debat-la-rentree\\\/#primaryimage\"},\"thumbnailUrl\":\"https:\\\/\\\/lion-environnement.org\\\/wp-content\\\/uploads\\\/2021\\\/12\\\/DSC03570-1024x586.jpg\",\"articleSection\":[\"film-d\u00e9bat\"],\"inLanguage\":\"fr-FR\",\"potentialAction\":[{\"@type\":\"CommentAction\",\"name\":\"Comment\",\"target\":[\"https:\\\/\\\/lion-environnement.org\\\/index.php\\\/2021\\\/12\\\/01\\\/cine-debat-la-rentree\\\/#respond\"]}]},{\"@type\":\"WebPage\",\"@id\":\"https:\\\/\\\/lion-environnement.org\\\/index.php\\\/2021\\\/12\\\/01\\\/cine-debat-la-rentree\\\/\",\"url\":\"https:\\\/\\\/lion-environnement.org\\\/index.php\\\/2021\\\/12\\\/01\\\/cine-debat-la-rentree\\\/\",\"name\":\"Cin\u00e9-d\u00e9bat: la rentr\u00e9e - Lion Environnement\",\"isPartOf\":{\"@id\":\"https:\\\/\\\/lion-environnement.org\\\/#website\"},\"primaryImageOfPage\":{\"@id\":\"https:\\\/\\\/lion-environnement.org\\\/index.php\\\/2021\\\/12\\\/01\\\/cine-debat-la-rentree\\\/#primaryimage\"},\"image\":{\"@id\":\"https:\\\/\\\/lion-environnement.org\\\/index.php\\\/2021\\\/12\\\/01\\\/cine-debat-la-rentree\\\/#primaryimage\"},\"thumbnailUrl\":\"https:\\\/\\\/lion-environnement.org\\\/wp-content\\\/uploads\\\/2021\\\/12\\\/DSC03570-1024x586.jpg\",\"datePublished\":\"2021-12-01T17:42:37+00:00\",\"dateModified\":\"2022-06-21T16:49:22+00:00\",\"breadcrumb\":{\"@id\":\"https:\\\/\\\/lion-environnement.org\\\/index.php\\\/2021\\\/12\\\/01\\\/cine-debat-la-rentree\\\/#breadcrumb\"},\"inLanguage\":\"fr-FR\",\"potentialAction\":[{\"@type\":\"ReadAction\",\"target\":[\"https:\\\/\\\/lion-environnement.org\\\/index.php\\\/2021\\\/12\\\/01\\\/cine-debat-la-rentree\\\/\"]}]},{\"@type\":\"ImageObject\",\"inLanguage\":\"fr-FR\",\"@id\":\"https:\\\/\\\/lion-environnement.org\\\/index.php\\\/2021\\\/12\\\/01\\\/cine-debat-la-rentree\\\/#primaryimage\",\"url\":\"https:\\\/\\\/lion-environnement.org\\\/wp-content\\\/uploads\\\/2021\\\/12\\\/DSC03570-scaled.jpg\",\"contentUrl\":\"https:\\\/\\\/lion-environnement.org\\\/wp-content\\\/uploads\\\/2021\\\/12\\\/DSC03570-scaled.jpg\",\"width\":2560,\"height\":1465},{\"@type\":\"BreadcrumbList\",\"@id\":\"https:\\\/\\\/lion-environnement.org\\\/index.php\\\/2021\\\/12\\\/01\\\/cine-debat-la-rentree\\\/#breadcrumb\",\"itemListElement\":[{\"@type\":\"ListItem\",\"position\":1,\"name\":\"Accueil\",\"item\":\"https:\\\/\\\/lion-environnement.org\\\/\"},{\"@type\":\"ListItem\",\"position\":2,\"name\":\"Cin\u00e9-d\u00e9bat: la rentr\u00e9e\"}]},{\"@type\":\"WebSite\",\"@id\":\"https:\\\/\\\/lion-environnement.org\\\/#website\",\"url\":\"https:\\\/\\\/lion-environnement.org\\\/\",\"name\":\"Lion Environnement\",\"description\":\"Lions nos \u00e9nergies pour pr\u00e9server l&#039;environnement et la sant\u00e9\",\"publisher\":{\"@id\":\"https:\\\/\\\/lion-environnement.org\\\/#organization\"},\"potentialAction\":[{\"@type\":\"SearchAction\",\"target\":{\"@type\":\"EntryPoint\",\"urlTemplate\":\"https:\\\/\\\/lion-environnement.org\\\/?s={search_term_string}\"},\"query-input\":{\"@type\":\"PropertyValueSpecification\",\"valueRequired\":true,\"valueName\":\"search_term_string\"}}],\"inLanguage\":\"fr-FR\"},{\"@type\":\"Organization\",\"@id\":\"https:\\\/\\\/lion-environnement.org\\\/#organization\",\"name\":\"Lion Environnement\",\"url\":\"https:\\\/\\\/lion-environnement.org\\\/\",\"logo\":{\"@type\":\"ImageObject\",\"inLanguage\":\"fr-FR\",\"@id\":\"https:\\\/\\\/lion-environnement.org\\\/#\\\/schema\\\/logo\\\/image\\\/\",\"url\":\"https:\\\/\\\/lion-environnement.org\\\/wp-content\\\/uploads\\\/2016\\\/04\\\/logoLElongWeb-1.jpg\",\"contentUrl\":\"https:\\\/\\\/lion-environnement.org\\\/wp-content\\\/uploads\\\/2016\\\/04\\\/logoLElongWeb-1.jpg\",\"width\":487,\"height\":113,\"caption\":\"Lion Environnement\"},\"image\":{\"@id\":\"https:\\\/\\\/lion-environnement.org\\\/#\\\/schema\\\/logo\\\/image\\\/\"},\"sameAs\":[\"https:\\\/\\\/www.facebook.com\\\/LionEnvironnement\\\/?locale=fr_FR\",\"https:\\\/\\\/www.instagram.com\\\/environnementlion\"]},{\"@type\":\"Person\",\"@id\":\"https:\\\/\\\/lion-environnement.org\\\/#\\\/schema\\\/person\\\/3232cb831e7607cdc4ac99f67f3a2a04\",\"name\":\"Fran\u00e7oise Boisnard\",\"image\":{\"@type\":\"ImageObject\",\"inLanguage\":\"fr-FR\",\"@id\":\"https:\\\/\\\/secure.gravatar.com\\\/avatar\\\/f3e342d9051121a9c0a9d7364e64d0ec3a3d04f41ea565cb3b24701989eb5c14?s=96&d=mm&r=g\",\"url\":\"https:\\\/\\\/secure.gravatar.com\\\/avatar\\\/f3e342d9051121a9c0a9d7364e64d0ec3a3d04f41ea565cb3b24701989eb5c14?s=96&d=mm&r=g\",\"contentUrl\":\"https:\\\/\\\/secure.gravatar.com\\\/avatar\\\/f3e342d9051121a9c0a9d7364e64d0ec3a3d04f41ea565cb3b24701989eb5c14?s=96&d=mm&r=g\",\"caption\":\"Fran\u00e7oise Boisnard\"},\"url\":\"https:\\\/\\\/lion-environnement.org\\\/index.php\\\/author\\\/francoise-b\\\/\"}]}<\/script>\n<!-- \/ Yoast SEO plugin. -->","yoast_head_json":{"title":"Cin\u00e9-d\u00e9bat: la rentr\u00e9e - Lion Environnement","robots":{"index":"index","follow":"follow","max-snippet":"max-snippet:-1","max-image-preview":"max-image-preview:large","max-video-preview":"max-video-preview:-1"},"canonical":"https:\/\/lion-environnement.org\/index.php\/2021\/12\/01\/cine-debat-la-rentree\/","og_locale":"fr_FR","og_type":"article","og_title":"Cin\u00e9-d\u00e9bat: la rentr\u00e9e - Lion Environnement","og_description":"Vendredi 26 novembre, a eu lieu notre premier cin\u00e9-d\u00e9bat pour cette nouvelle ann\u00e9e 2012-2022. Le festival AlimenTerre en a \u00e9t\u00e9 le support. Au menu, le film Douce France de Geoffrey Couanon qui nous a permis de suivre le cheminement de quelques adolescents de la banlieue parisienne. Petit \u00e0 petit, nous les voyons, sous la forme\u2026","og_url":"https:\/\/lion-environnement.org\/index.php\/2021\/12\/01\/cine-debat-la-rentree\/","og_site_name":"Lion Environnement","article_publisher":"https:\/\/www.facebook.com\/LionEnvironnement\/?locale=fr_FR","article_published_time":"2021-12-01T17:42:37+00:00","article_modified_time":"2022-06-21T16:49:22+00:00","og_image":[{"width":2560,"height":1465,"url":"https:\/\/lion-environnement.org\/wp-content\/uploads\/2021\/12\/DSC03570-scaled.jpg","type":"image\/jpeg"}],"author":"Fran\u00e7oise Boisnard","twitter_card":"summary_large_image","twitter_misc":{"\u00c9crit par":"Fran\u00e7oise Boisnard","Dur\u00e9e de lecture estim\u00e9e":"1 minute"},"schema":{"@context":"https:\/\/schema.org","@graph":[{"@type":"Article","@id":"https:\/\/lion-environnement.org\/index.php\/2021\/12\/01\/cine-debat-la-rentree\/#article","isPartOf":{"@id":"https:\/\/lion-environnement.org\/index.php\/2021\/12\/01\/cine-debat-la-rentree\/"},"author":{"name":"Fran\u00e7oise Boisnard","@id":"https:\/\/lion-environnement.org\/#\/schema\/person\/3232cb831e7607cdc4ac99f67f3a2a04"},"headline":"Cin\u00e9-d\u00e9bat: la rentr\u00e9e","datePublished":"2021-12-01T17:42:37+00:00","dateModified":"2022-06-21T16:49:22+00:00","mainEntityOfPage":{"@id":"https:\/\/lion-environnement.org\/index.php\/2021\/12\/01\/cine-debat-la-rentree\/"},"wordCount":193,"commentCount":0,"publisher":{"@id":"https:\/\/lion-environnement.org\/#organization"},"image":{"@id":"https:\/\/lion-environnement.org\/index.php\/2021\/12\/01\/cine-debat-la-rentree\/#primaryimage"},"thumbnailUrl":"https:\/\/lion-environnement.org\/wp-content\/uploads\/2021\/12\/DSC03570-1024x586.jpg","articleSection":["film-d\u00e9bat"],"inLanguage":"fr-FR","potentialAction":[{"@type":"CommentAction","name":"Comment","target":["https:\/\/lion-environnement.org\/index.php\/2021\/12\/01\/cine-debat-la-rentree\/#respond"]}]},{"@type":"WebPage","@id":"https:\/\/lion-environnement.org\/index.php\/2021\/12\/01\/cine-debat-la-rentree\/","url":"https:\/\/lion-environnement.org\/index.php\/2021\/12\/01\/cine-debat-la-rentree\/","name":"Cin\u00e9-d\u00e9bat: la rentr\u00e9e - Lion Environnement","isPartOf":{"@id":"https:\/\/lion-environnement.org\/#website"},"primaryImageOfPage":{"@id":"https:\/\/lion-environnement.org\/index.php\/2021\/12\/01\/cine-debat-la-rentree\/#primaryimage"},"image":{"@id":"https:\/\/lion-environnement.org\/index.php\/2021\/12\/01\/cine-debat-la-rentree\/#primaryimage"},"thumbnailUrl":"https:\/\/lion-environnement.org\/wp-content\/uploads\/2021\/12\/DSC03570-1024x586.jpg","datePublished":"2021-12-01T17:42:37+00:00","dateModified":"2022-06-21T16:49:22+00:00","breadcrumb":{"@id":"https:\/\/lion-environnement.org\/index.php\/2021\/12\/01\/cine-debat-la-rentree\/#breadcrumb"},"inLanguage":"fr-FR","potentialAction":[{"@type":"ReadAction","target":["https:\/\/lion-environnement.org\/index.php\/2021\/12\/01\/cine-debat-la-rentree\/"]}]},{"@type":"ImageObject","inLanguage":"fr-FR","@id":"https:\/\/lion-environnement.org\/index.php\/2021\/12\/01\/cine-debat-la-rentree\/#primaryimage","url":"https:\/\/lion-environnement.org\/wp-content\/uploads\/2021\/12\/DSC03570-scaled.jpg","contentUrl":"https:\/\/lion-environnement.org\/wp-content\/uploads\/2021\/12\/DSC03570-scaled.jpg","width":2560,"height":1465},{"@type":"BreadcrumbList","@id":"https:\/\/lion-environnement.org\/index.php\/2021\/12\/01\/cine-debat-la-rentree\/#breadcrumb","itemListElement":[{"@type":"ListItem","position":1,"name":"Accueil","item":"https:\/\/lion-environnement.org\/"},{"@type":"ListItem","position":2,"name":"Cin\u00e9-d\u00e9bat: la rentr\u00e9e"}]},{"@type":"WebSite","@id":"https:\/\/lion-environnement.org\/#website","url":"https:\/\/lion-environnement.org\/","name":"Lion Environnement","description":"Lions nos \u00e9nergies pour pr\u00e9server l&#039;environnement et la sant\u00e9","publisher":{"@id":"https:\/\/lion-environnement.org\/#organization"},"potentialAction":[{"@type":"SearchAction","target":{"@type":"EntryPoint","urlTemplate":"https:\/\/lion-environnement.org\/?s={search_term_string}"},"query-input":{"@type":"PropertyValueSpecification","valueRequired":true,"valueName":"search_term_string"}}],"inLanguage":"fr-FR"},{"@type":"Organization","@id":"https:\/\/lion-environnement.org\/#organization","name":"Lion Environnement","url":"https:\/\/lion-environnement.org\/","logo":{"@type":"ImageObject","inLanguage":"fr-FR","@id":"https:\/\/lion-environnement.org\/#\/schema\/logo\/image\/","url":"https:\/\/lion-environnement.org\/wp-content\/uploads\/2016\/04\/logoLElongWeb-1.jpg","contentUrl":"https:\/\/lion-environnement.org\/wp-content\/uploads\/2016\/04\/logoLElongWeb-1.jpg","width":487,"height":113,"caption":"Lion Environnement"},"image":{"@id":"https:\/\/lion-environnement.org\/#\/schema\/logo\/image\/"},"sameAs":["https:\/\/www.facebook.com\/LionEnvironnement\/?locale=fr_FR","https:\/\/www.instagram.com\/environnementlion"]},{"@type":"Person","@id":"https:\/\/lion-environnement.org\/#\/schema\/person\/3232cb831e7607cdc4ac99f67f3a2a04","name":"Fran\u00e7oise Boisnard","image":{"@type":"ImageObject","inLanguage":"fr-FR","@id":"https:\/\/secure.gravatar.com\/avatar\/f3e342d9051121a9c0a9d7364e64d0ec3a3d04f41ea565cb3b24701989eb5c14?s=96&d=mm&r=g","url":"https:\/\/secure.gravatar.com\/avatar\/f3e342d9051121a9c0a9d7364e64d0ec3a3d04f41ea565cb3b24701989eb5c14?s=96&d=mm&r=g","contentUrl":"https:\/\/secure.gravatar.com\/avatar\/f3e342d9051121a9c0a9d7364e64d0ec3a3d04f41ea565cb3b24701989eb5c14?s=96&d=mm&r=g","caption":"Fran\u00e7oise Boisnard"},"url":"https:\/\/lion-environnement.org\/index.php\/author\/francoise-b\/"}]}},"_links":{"self":[{"href":"https:\/\/lion-environnement.org\/index.php\/wp-json\/wp\/v2\/posts\/6354","targetHints":{"allow":["GET"]}}],"collection":[{"href":"https:\/\/lion-environnement.org\/index.php\/wp-json\/wp\/v2\/posts"}],"about":[{"href":"https:\/\/lion-environnement.org\/index.php\/wp-json\/wp\/v2\/types\/post"}],"author":[{"embeddable":true,"href":"https:\/\/lion-environnement.org\/index.php\/wp-json\/wp\/v2\/users\/1547"}],"replies":[{"embeddable":true,"href":"https:\/\/lion-environnement.org\/index.php\/wp-json\/wp\/v2\/comments?post=6354"}],"version-history":[{"count":3,"href":"https:\/\/lion-environnement.org\/index.php\/wp-json\/wp\/v2\/posts\/6354\/revisions"}],"predecessor-version":[{"id":6360,"href":"https:\/\/lion-environnement.org\/index.php\/wp-json\/wp\/v2\/posts\/6354\/revisions\/6360"}],"wp:attachment":[{"href":"https:\/\/lion-environnement.org\/index.php\/wp-json\/wp\/v2\/media?parent=6354"}],"wp:term":[{"taxonomy":"category","embeddable":true,"href":"https:\/\/lion-environnement.org\/index.php\/wp-json\/wp\/v2\/categories?post=6354"},{"taxonomy":"post_tag","embeddable":true,"href":"https:\/\/lion-environnement.org\/index.php\/wp-json\/wp\/v2\/tags?post=6354"}],"curies":[{"name":"wp","href":"https:\/\/api.w.org\/{rel}","templated":true}]}}