{"id":4976,"date":"2019-11-18T16:38:05","date_gmt":"2019-11-18T15:38:05","guid":{"rendered":"https:\/\/lion-environnement.org\/?p=4976"},"modified":"2022-06-21T19:00:44","modified_gmt":"2022-06-21T17:00:44","slug":"le-festival-alimenterre-a-lion-sur-mer-2","status":"publish","type":"post","link":"https:\/\/lion-environnement.org\/index.php\/2019\/11\/18\/le-festival-alimenterre-a-lion-sur-mer-2\/","title":{"rendered":"Le festival Alimenterre \u00e0 Lion-sur-mer"},"content":{"rendered":"<p>Vendredi 15 novembre, a eu lieu \u00e0 la mairie de Lion sur mer l&rsquo;inauguration du festival <em>Alimenterre.<\/em><\/p>\n<p>Dans un premier temps, un pot d&rsquo;accueil a permis aux diff\u00e9rents repr\u00e9sentants des associations partenaires de cet \u00e9v\u00e9nement de se pr\u00e9senter. Moment important qui nous a permis de nous \u00e9couter et de trouver des passerelles\u00a0 entre nous. Ceci, en pr\u00e9sence de l&rsquo;adjointe charg\u00e9e des associations de la mairie de Douvres-la-D\u00e9livrande et du Maire de Lion-sur-mer. Tous deux ont soulign\u00e9 l&rsquo;importance du tissu associatif et la force que donne la capacit\u00e9 \u00e0 travailler ensemble.<\/p>\n<p><img loading=\"lazy\" decoding=\"async\" class=\"size-medium wp-image-4980 aligncenter\" src=\"https:\/\/lion-environnement.org\/wp-content\/uploads\/2019\/11\/IMG_3884-square-225x300.jpg\" alt=\"\" width=\"225\" height=\"300\" srcset=\"https:\/\/lion-environnement.org\/wp-content\/uploads\/2019\/11\/IMG_3884-square-225x300.jpg 225w, https:\/\/lion-environnement.org\/wp-content\/uploads\/2019\/11\/IMG_3884-square-768x1024.jpg 768w, https:\/\/lion-environnement.org\/wp-content\/uploads\/2019\/11\/IMG_3884-square-1152x1536.jpg 1152w, https:\/\/lion-environnement.org\/wp-content\/uploads\/2019\/11\/IMG_3884-square-1320x1760.jpg 1320w, https:\/\/lion-environnement.org\/wp-content\/uploads\/2019\/11\/IMG_3884-square.jpg 1536w\" sizes=\"auto, (max-width: 225px) 100vw, 225px\" \/><\/p>\n<p style=\"text-align: center;\"><span style=\"font-size: 10pt;\"><em>Les repr\u00e9sentants d&rsquo;Horizons solidaires lors de l&rsquo;inauguration \u00e0 la mairie, <\/em><\/span><span style=\"font-size: 10pt;\"><em>\u00e0 l&rsquo;\u00e9coute des diff\u00e9rentes pr\u00e9sentations.<\/em><\/span><\/p>\n<p>A 20h30, \u00e0 la salle Trianon, une cinquantaine de personnes attentives a assist\u00e9 \u00e0 la projection du film <em>\u00ab\u00a0Faut-il arr\u00eater de manger les animaux\u00a0\u00bb<\/em> de Benoit Bringer, suivie d&rsquo;une courte vid\u00e9o relatant un exemple des cons\u00e9quences des pratiques de notre industrie agroalimentaire sur l&rsquo;\u00e9conomie de l&rsquo;Afrique de l&rsquo;ouest. Ci dessous, la petite vid\u00e9o :<\/p>\n<div style=\"width: 550px;\" class=\"wp-video\"><video class=\"wp-video-shortcode\" id=\"video-4976-1\" width=\"550\" height=\"309\" preload=\"metadata\" controls=\"controls\"><source type=\"video\/mp4\" src=\"https:\/\/lion-environnement.org\/wp-content\/uploads\/2019\/11\/Campagne-Lait-Nexportons-pas-nos-probl\u00e8mes_video-avc1_audio-mp4a_1280x720_746kbps-1.m4v?_=1\" \/><a href=\"https:\/\/lion-environnement.org\/wp-content\/uploads\/2019\/11\/Campagne-Lait-Nexportons-pas-nos-probl\u00e8mes_video-avc1_audio-mp4a_1280x720_746kbps-1.m4v\">https:\/\/lion-environnement.org\/wp-content\/uploads\/2019\/11\/Campagne-Lait-Nexportons-pas-nos-probl\u00e8mes_video-avc1_audio-mp4a_1280x720_746kbps-1.m4v<\/a><\/video><\/div>\n<p>&nbsp;<\/p>\n<p>A l&rsquo;issue de la projection, la salle a manifest\u00e9 son int\u00e9r\u00eat en \u00e9coutant les exp\u00e9riences de Oumou Khairy-Diallo , pr\u00e9sidente tr\u00e8s active d&rsquo;un directoire de femmes \u00e9leveuses au S\u00e9n\u00e9gal\u00a0 et de Christine Gamaury, \u00e9leveuse de moutons et de poules, mara\u00eech\u00e8re\u00a0 et fournisseur de l&rsquo;AMAP de Douvres. Deux femmes qui oeuvrent pour faire vivre une agriculture locale respectueuse de l&rsquo;environnement et des humains qui y travaillent.<img loading=\"lazy\" decoding=\"async\" class=\"size-medium wp-image-4999 aligncenter\" src=\"https:\/\/lion-environnement.org\/wp-content\/uploads\/2019\/11\/DSC00515-300x196.jpg\" alt=\"\" width=\"300\" height=\"196\" srcset=\"https:\/\/lion-environnement.org\/wp-content\/uploads\/2019\/11\/DSC00515-300x196.jpg 300w, https:\/\/lion-environnement.org\/wp-content\/uploads\/2019\/11\/DSC00515-1024x669.jpg 1024w, https:\/\/lion-environnement.org\/wp-content\/uploads\/2019\/11\/DSC00515-768x502.jpg 768w, https:\/\/lion-environnement.org\/wp-content\/uploads\/2019\/11\/DSC00515-1536x1003.jpg 1536w, https:\/\/lion-environnement.org\/wp-content\/uploads\/2019\/11\/DSC00515-2048x1338.jpg 2048w, https:\/\/lion-environnement.org\/wp-content\/uploads\/2019\/11\/DSC00515-1320x862.jpg 1320w\" sizes=\"auto, (max-width: 300px) 100vw, 300px\" \/><\/p>\n<p>Les deux intervenantes lors du d\u00e9bat, avec G. Mariey, de l&rsquo;association familiale de Douvres qui a anim\u00e9 le d\u00e9bat.<\/p>\n<p>Enfin, un pot de l&rsquo;amiti\u00e9 servi par les amis du cin\u00e9ma de Lion, agr\u00e9ment\u00e9 par des douceurs des Jardins de la Douvette, confiture et miel, a permis de prolonger les discussions.<\/p>\n<p><img loading=\"lazy\" decoding=\"async\" class=\"size-medium wp-image-4996 aligncenter\" src=\"https:\/\/lion-environnement.org\/wp-content\/uploads\/2019\/11\/DSC00517-300x243.jpg\" alt=\"\" width=\"300\" height=\"243\" srcset=\"https:\/\/lion-environnement.org\/wp-content\/uploads\/2019\/11\/DSC00517-300x243.jpg 300w, https:\/\/lion-environnement.org\/wp-content\/uploads\/2019\/11\/DSC00517-1024x829.jpg 1024w, https:\/\/lion-environnement.org\/wp-content\/uploads\/2019\/11\/DSC00517-768x622.jpg 768w, https:\/\/lion-environnement.org\/wp-content\/uploads\/2019\/11\/DSC00517-1536x1243.jpg 1536w, https:\/\/lion-environnement.org\/wp-content\/uploads\/2019\/11\/DSC00517-2048x1658.jpg 2048w, https:\/\/lion-environnement.org\/wp-content\/uploads\/2019\/11\/DSC00517-1320x1069.jpg 1320w\" sizes=\"auto, (max-width: 300px) 100vw, 300px\" \/><\/p>\n","protected":false},"excerpt":{"rendered":"<p>Vendredi 15 novembre, a eu lieu \u00e0 la mairie de Lion sur mer l&rsquo;inauguration du festival Alimenterre. Dans un premier temps, un pot d&rsquo;accueil a permis aux diff\u00e9rents repr\u00e9sentants des associations partenaires de cet \u00e9v\u00e9nement de se pr\u00e9senter. Moment important qui nous a permis de nous \u00e9couter et de trouver des passerelles\u00a0 entre nous. Ceci,\u2026<\/p>\n","protected":false},"author":1547,"featured_media":4982,"comment_status":"open","ping_status":"open","sticky":false,"template":"","format":"standard","meta":{"footnotes":""},"categories":[59],"tags":[],"class_list":["post-4976","post","type-post","status-publish","format-standard","has-post-thumbnail","hentry","category-film-debat"],"_wp_attached_file":null,"_wp_attachment_metadata":null,"_menu_item_type":null,"_menu_item_menu_item_parent":null,"_menu_item_object_id":null,"_menu_item_object":null,"_menu_item_target":null,"_menu_item_classes":null,"_menu_item_xfn":null,"_menu_item_url":null,"_eventorganiser_event_schedule":null,"_eventorganiser_schedule_until":null,"_wpas_done_all":null,"_eventorganiser_schedule_start_start":null,"_eventorganiser_schedule_start_finish":null,"_eventorganiser_schedule_last_start":null,"_eventorganiser_schedule_last_finish":null,"_wp_attachment_backup_sizes":null,"_wp_attachment_context":null,"event_address":null,"event_start_date":null,"event_to_time":null,"event_from_time":null,"event_end_date":null,"_oembed_7e6c0eb53f1b87dceeb7157df4c64ecd":null,"_oembed_ac860e2f1183d5fbf8efad3e14b2b998":null,"_oembed_2fa3d1dc2e72f2f3db15582a07766e9d":null,"_oembed_ba1f94dfef6f2f056282005c87e1dd1f":null,"_oembed_b4fa8c58de01621c3377349423193585":null,"_oembed_2c076515dc13114e0a07a701157042d8":null,"_oembed_time_2c076515dc13114e0a07a701157042d8":null,"_su_description":null,"_wp_attachment_is_custom_header":null,"_wp_attachment_custom_header_last_used_enigma":null,"_mc_event_shortcode":null,"_mc_event_access":null,"_mc_event_id":null,"_mc_event_desc":null,"_mc_event_image":null,"_event_time_label":null,"_mc_event_data":null,"_snap_forceSURL":null,"snap_MYURL":null,"snapEdIT":null,"_mc_event_location":null,"_oembed_cdb00187755a40067dfed1152b83fa85":null,"_oembed_2a2b1181a4872c3fcae632ccb831338e":null,"_oembed_223e8f80fcafbbb0e655c3b852ad258b":null,"_oembed_f2dbc4e0e03552dca3704dc9d3b35b81":null,"_oembed_0f31e9c8d775433415a564642134b876":null,"_oembed_37f37d6d5d0f763259b5f2d5c6698765":null,"_oembed_7d585094b05c3c88729a16a5d0b76382":null,"_oembed_49e3f6fef25f62658e66c1baa5716b3c":null,"_oembed_3bbcd6cd9ba0f8e8cead97d8bddbbbae":null,"_oembed_6107383b394908a78bf711554ae8a1e4":null,"_oembed_5d6a5ae5cd2e93d5022ed2485426fcf4":null,"_oembed_422f96ea83a4884539ceb42326a11ee5":null,"_oembed_ab6628735dc0e2101ba08ec87fcef1b7":null,"_oembed_75bd89488fe790d8e4f203396bb84c81":null,"_oembed_time_75bd89488fe790d8e4f203396bb84c81":null,"_oembed_c6d8784021cf1310fe080cd343275a5a":null,"_oembed_time_c6d8784021cf1310fe080cd343275a5a":null,"_wp_attachment_custom_header_last_used_greenigma":null,"_wp_attachment_is_custom_background":null,"enclosure":"https:\/\/lion-environnement.org\/wp-content\/uploads\/2019\/11\/Campagne-Lait-Nexportons-pas-nos-probl\u00e8mes_video-avc1_audio-mp4a_1280x720_746kbps-1.m4v\n22511453\nvideo\/mp4\n","_oembed_3bca2a21e398bc75f8a1b2ec60f88d23":null,"_oembed_25600d5f25f51af7be904b38ccae40ec":null,"_oembed_time_25600d5f25f51af7be904b38ccae40ec":null,"_mc_guid":null,"_mc4wp_settings":null,"text_subscribed":null,"text_invalid_email":null,"text_required_field_missing":null,"text_already_subscribed":null,"text_error":null,"text_unsubscribed":null,"text_not_subscribed":null,"text_no_lists_selected":null,"text_updated":null,"_bbp_reply_count_hidden":null,"_bbp_topic_count_hidden":null,"_bbp_total_topic_count":null,"_bbp_topic_count":null,"_bbp_total_reply_count":null,"_bbp_reply_count":null,"_bbp_forum_subforum_count":null,"_bbp_last_active_time":null,"user_registration_form_setting_default_user_role":null,"user_registration_form_setting_enable_strong_password":null,"user_registration_form_setting_minimum_password_strength":null,"user_registration_form_setting_form_submit_label":null,"user_registration_form_setting_enable_recaptcha_support":null,"user_registration_form_template":null,"user_registration_form_custom_class":null,"_oembed_ef95b2b98f04716f23e0a4eed7816e1b":null,"_oembed_time_ef95b2b98f04716f23e0a4eed7816e1b":null,"_wp_attachment_image_alt":null,"_mc_event_date":null,"_customize_changeset_uuid":null,"sg_popup_target":null,"sg_popup_events":null,"sg_popup_options":null,"_oembed_caf01abe71309dc253791159ac4336cb":null,"_sgpb_original":null,"sg_popup_events_preview":null,"sg_popup_options_preview":null,"sg_popup_target_preview":null,"user_registration_form_setting_redirect_options":null,"_oembed_10c4a1529e884332ff612b45feeae083":null,"_bbp_forum_id":null,"_bbp_last_topic_id":null,"_bbp_last_reply_id":null,"_bbp_last_active_id":null,"_form":null,"_mail":null,"_mail_2":null,"_messages":null,"_additional_settings":null,"_locale":null,"_elementor_css":null,"_menu_sgpb_popup_id":null,"_oembed_bbc07775835a27fca3dab6de0a78c453":null,"cmplz_tc_document_status":null,"_oembed_a8eea5673581fdb5da3c215c1676eaf2":null,"_oembed_time_a8eea5673581fdb5da3c215c1676eaf2":null,"_bbp_forum_type":null,"_bbp_status":null,"_bbp_total_reply_count_hidden":null,"_wp_page_template":null,"_edit_last":"1559","_edit_lock":"1655830844:1559","_su_rich_snippet_type":"none","xyz_fbap":"1","xyz_fbap_insert_og":"1","_thumbnail_id":"4982","_jetpack_dont_email_post_to_subs":null,"_su_title":null,"_cmplz_scanned_post":"1","xyz_fbap_future_to_publish":{"post_fb_permission":1,"xyz_fbap_po_method":"2","xyz_fbap_message":"{POST_TITLE} vient d'\u00eatre publi\u00e9 sur {BLOG_TITLE}"},"_wp_old_slug":null,"_wp_old_date":null,"cmplz_hide_cookiebanner":null,"_elementor_template_type":null,"_elementor_edit_mode":null,"_elementor_data":null,"_elementor_version":null,"_elementor_controls_usage":[],"classic-editor-remember":null,"_wp_trash_meta_status":null,"_wp_trash_meta_time":null,"_wp_desired_post_slug":null,"yoast_head":"<!-- This site is optimized with the Yoast SEO plugin v27.4 - https:\/\/yoast.com\/product\/yoast-seo-wordpress\/ -->\n<title>Le festival Alimenterre \u00e0 Lion-sur-mer - Lion Environnement<\/title>\n<meta name=\"robots\" content=\"index, follow, max-snippet:-1, max-image-preview:large, max-video-preview:-1\" \/>\n<link rel=\"canonical\" href=\"https:\/\/lion-environnement.org\/index.php\/2019\/11\/18\/le-festival-alimenterre-a-lion-sur-mer-2\/\" \/>\n<meta property=\"og:locale\" content=\"fr_FR\" \/>\n<meta property=\"og:type\" content=\"article\" \/>\n<meta property=\"og:title\" content=\"Le festival Alimenterre \u00e0 Lion-sur-mer - Lion Environnement\" \/>\n<meta property=\"og:description\" content=\"Vendredi 15 novembre, a eu lieu \u00e0 la mairie de Lion sur mer l&rsquo;inauguration du festival Alimenterre. Dans un premier temps, un pot d&rsquo;accueil a permis aux diff\u00e9rents repr\u00e9sentants des associations partenaires de cet \u00e9v\u00e9nement de se pr\u00e9senter. Moment important qui nous a permis de nous \u00e9couter et de trouver des passerelles\u00a0 entre nous. Ceci,\u2026\" \/>\n<meta property=\"og:url\" content=\"https:\/\/lion-environnement.org\/index.php\/2019\/11\/18\/le-festival-alimenterre-a-lion-sur-mer-2\/\" \/>\n<meta property=\"og:site_name\" content=\"Lion Environnement\" \/>\n<meta property=\"article:publisher\" content=\"https:\/\/www.facebook.com\/LionEnvironnement\/?locale=fr_FR\" \/>\n<meta property=\"article:published_time\" content=\"2019-11-18T15:38:05+00:00\" \/>\n<meta property=\"article:modified_time\" content=\"2022-06-21T17:00:44+00:00\" \/>\n<meta property=\"og:image\" content=\"https:\/\/lion-environnement.org\/wp-content\/uploads\/2019\/11\/IMG_3886-square.jpg\" \/>\n\t<meta property=\"og:image:width\" content=\"2048\" \/>\n\t<meta property=\"og:image:height\" content=\"1536\" \/>\n\t<meta property=\"og:image:type\" content=\"image\/jpeg\" \/>\n<meta name=\"author\" content=\"Fran\u00e7oise Boisnard\" \/>\n<meta name=\"twitter:card\" content=\"summary_large_image\" \/>\n<meta name=\"twitter:label1\" content=\"\u00c9crit par\" \/>\n\t<meta name=\"twitter:data1\" content=\"Fran\u00e7oise Boisnard\" \/>\n\t<meta name=\"twitter:label2\" content=\"Dur\u00e9e de lecture estim\u00e9e\" \/>\n\t<meta name=\"twitter:data2\" content=\"2 minutes\" \/>\n<script type=\"application\/ld+json\" class=\"yoast-schema-graph\">{\"@context\":\"https:\\\/\\\/schema.org\",\"@graph\":[{\"@type\":\"Article\",\"@id\":\"https:\\\/\\\/lion-environnement.org\\\/index.php\\\/2019\\\/11\\\/18\\\/le-festival-alimenterre-a-lion-sur-mer-2\\\/#article\",\"isPartOf\":{\"@id\":\"https:\\\/\\\/lion-environnement.org\\\/index.php\\\/2019\\\/11\\\/18\\\/le-festival-alimenterre-a-lion-sur-mer-2\\\/\"},\"author\":{\"name\":\"Fran\u00e7oise Boisnard\",\"@id\":\"https:\\\/\\\/lion-environnement.org\\\/#\\\/schema\\\/person\\\/3232cb831e7607cdc4ac99f67f3a2a04\"},\"headline\":\"Le festival Alimenterre \u00e0 Lion-sur-mer\",\"datePublished\":\"2019-11-18T15:38:05+00:00\",\"dateModified\":\"2022-06-21T17:00:44+00:00\",\"mainEntityOfPage\":{\"@id\":\"https:\\\/\\\/lion-environnement.org\\\/index.php\\\/2019\\\/11\\\/18\\\/le-festival-alimenterre-a-lion-sur-mer-2\\\/\"},\"wordCount\":334,\"commentCount\":0,\"publisher\":{\"@id\":\"https:\\\/\\\/lion-environnement.org\\\/#organization\"},\"image\":{\"@id\":\"https:\\\/\\\/lion-environnement.org\\\/index.php\\\/2019\\\/11\\\/18\\\/le-festival-alimenterre-a-lion-sur-mer-2\\\/#primaryimage\"},\"thumbnailUrl\":\"https:\\\/\\\/lion-environnement.org\\\/wp-content\\\/uploads\\\/2019\\\/11\\\/IMG_3886-square.jpg\",\"articleSection\":[\"film-d\u00e9bat\"],\"inLanguage\":\"fr-FR\",\"potentialAction\":[{\"@type\":\"CommentAction\",\"name\":\"Comment\",\"target\":[\"https:\\\/\\\/lion-environnement.org\\\/index.php\\\/2019\\\/11\\\/18\\\/le-festival-alimenterre-a-lion-sur-mer-2\\\/#respond\"]}]},{\"@type\":\"WebPage\",\"@id\":\"https:\\\/\\\/lion-environnement.org\\\/index.php\\\/2019\\\/11\\\/18\\\/le-festival-alimenterre-a-lion-sur-mer-2\\\/\",\"url\":\"https:\\\/\\\/lion-environnement.org\\\/index.php\\\/2019\\\/11\\\/18\\\/le-festival-alimenterre-a-lion-sur-mer-2\\\/\",\"name\":\"Le festival Alimenterre \u00e0 Lion-sur-mer - Lion Environnement\",\"isPartOf\":{\"@id\":\"https:\\\/\\\/lion-environnement.org\\\/#website\"},\"primaryImageOfPage\":{\"@id\":\"https:\\\/\\\/lion-environnement.org\\\/index.php\\\/2019\\\/11\\\/18\\\/le-festival-alimenterre-a-lion-sur-mer-2\\\/#primaryimage\"},\"image\":{\"@id\":\"https:\\\/\\\/lion-environnement.org\\\/index.php\\\/2019\\\/11\\\/18\\\/le-festival-alimenterre-a-lion-sur-mer-2\\\/#primaryimage\"},\"thumbnailUrl\":\"https:\\\/\\\/lion-environnement.org\\\/wp-content\\\/uploads\\\/2019\\\/11\\\/IMG_3886-square.jpg\",\"datePublished\":\"2019-11-18T15:38:05+00:00\",\"dateModified\":\"2022-06-21T17:00:44+00:00\",\"breadcrumb\":{\"@id\":\"https:\\\/\\\/lion-environnement.org\\\/index.php\\\/2019\\\/11\\\/18\\\/le-festival-alimenterre-a-lion-sur-mer-2\\\/#breadcrumb\"},\"inLanguage\":\"fr-FR\",\"potentialAction\":[{\"@type\":\"ReadAction\",\"target\":[\"https:\\\/\\\/lion-environnement.org\\\/index.php\\\/2019\\\/11\\\/18\\\/le-festival-alimenterre-a-lion-sur-mer-2\\\/\"]}]},{\"@type\":\"ImageObject\",\"inLanguage\":\"fr-FR\",\"@id\":\"https:\\\/\\\/lion-environnement.org\\\/index.php\\\/2019\\\/11\\\/18\\\/le-festival-alimenterre-a-lion-sur-mer-2\\\/#primaryimage\",\"url\":\"https:\\\/\\\/lion-environnement.org\\\/wp-content\\\/uploads\\\/2019\\\/11\\\/IMG_3886-square.jpg\",\"contentUrl\":\"https:\\\/\\\/lion-environnement.org\\\/wp-content\\\/uploads\\\/2019\\\/11\\\/IMG_3886-square.jpg\",\"width\":2048,\"height\":1536},{\"@type\":\"BreadcrumbList\",\"@id\":\"https:\\\/\\\/lion-environnement.org\\\/index.php\\\/2019\\\/11\\\/18\\\/le-festival-alimenterre-a-lion-sur-mer-2\\\/#breadcrumb\",\"itemListElement\":[{\"@type\":\"ListItem\",\"position\":1,\"name\":\"Accueil\",\"item\":\"https:\\\/\\\/lion-environnement.org\\\/\"},{\"@type\":\"ListItem\",\"position\":2,\"name\":\"Le festival Alimenterre \u00e0 Lion-sur-mer\"}]},{\"@type\":\"WebSite\",\"@id\":\"https:\\\/\\\/lion-environnement.org\\\/#website\",\"url\":\"https:\\\/\\\/lion-environnement.org\\\/\",\"name\":\"Lion Environnement\",\"description\":\"Lions nos \u00e9nergies pour pr\u00e9server l&#039;environnement et la sant\u00e9\",\"publisher\":{\"@id\":\"https:\\\/\\\/lion-environnement.org\\\/#organization\"},\"potentialAction\":[{\"@type\":\"SearchAction\",\"target\":{\"@type\":\"EntryPoint\",\"urlTemplate\":\"https:\\\/\\\/lion-environnement.org\\\/?s={search_term_string}\"},\"query-input\":{\"@type\":\"PropertyValueSpecification\",\"valueRequired\":true,\"valueName\":\"search_term_string\"}}],\"inLanguage\":\"fr-FR\"},{\"@type\":\"Organization\",\"@id\":\"https:\\\/\\\/lion-environnement.org\\\/#organization\",\"name\":\"Lion Environnement\",\"url\":\"https:\\\/\\\/lion-environnement.org\\\/\",\"logo\":{\"@type\":\"ImageObject\",\"inLanguage\":\"fr-FR\",\"@id\":\"https:\\\/\\\/lion-environnement.org\\\/#\\\/schema\\\/logo\\\/image\\\/\",\"url\":\"https:\\\/\\\/lion-environnement.org\\\/wp-content\\\/uploads\\\/2016\\\/04\\\/logoLElongWeb-1.jpg\",\"contentUrl\":\"https:\\\/\\\/lion-environnement.org\\\/wp-content\\\/uploads\\\/2016\\\/04\\\/logoLElongWeb-1.jpg\",\"width\":487,\"height\":113,\"caption\":\"Lion Environnement\"},\"image\":{\"@id\":\"https:\\\/\\\/lion-environnement.org\\\/#\\\/schema\\\/logo\\\/image\\\/\"},\"sameAs\":[\"https:\\\/\\\/www.facebook.com\\\/LionEnvironnement\\\/?locale=fr_FR\",\"https:\\\/\\\/www.instagram.com\\\/environnementlion\"]},{\"@type\":\"Person\",\"@id\":\"https:\\\/\\\/lion-environnement.org\\\/#\\\/schema\\\/person\\\/3232cb831e7607cdc4ac99f67f3a2a04\",\"name\":\"Fran\u00e7oise Boisnard\",\"image\":{\"@type\":\"ImageObject\",\"inLanguage\":\"fr-FR\",\"@id\":\"https:\\\/\\\/secure.gravatar.com\\\/avatar\\\/f3e342d9051121a9c0a9d7364e64d0ec3a3d04f41ea565cb3b24701989eb5c14?s=96&d=mm&r=g\",\"url\":\"https:\\\/\\\/secure.gravatar.com\\\/avatar\\\/f3e342d9051121a9c0a9d7364e64d0ec3a3d04f41ea565cb3b24701989eb5c14?s=96&d=mm&r=g\",\"contentUrl\":\"https:\\\/\\\/secure.gravatar.com\\\/avatar\\\/f3e342d9051121a9c0a9d7364e64d0ec3a3d04f41ea565cb3b24701989eb5c14?s=96&d=mm&r=g\",\"caption\":\"Fran\u00e7oise Boisnard\"},\"url\":\"https:\\\/\\\/lion-environnement.org\\\/index.php\\\/author\\\/francoise-b\\\/\"}]}<\/script>\n<!-- \/ Yoast SEO plugin. -->","yoast_head_json":{"title":"Le festival Alimenterre \u00e0 Lion-sur-mer - Lion Environnement","robots":{"index":"index","follow":"follow","max-snippet":"max-snippet:-1","max-image-preview":"max-image-preview:large","max-video-preview":"max-video-preview:-1"},"canonical":"https:\/\/lion-environnement.org\/index.php\/2019\/11\/18\/le-festival-alimenterre-a-lion-sur-mer-2\/","og_locale":"fr_FR","og_type":"article","og_title":"Le festival Alimenterre \u00e0 Lion-sur-mer - Lion Environnement","og_description":"Vendredi 15 novembre, a eu lieu \u00e0 la mairie de Lion sur mer l&rsquo;inauguration du festival Alimenterre. Dans un premier temps, un pot d&rsquo;accueil a permis aux diff\u00e9rents repr\u00e9sentants des associations partenaires de cet \u00e9v\u00e9nement de se pr\u00e9senter. Moment important qui nous a permis de nous \u00e9couter et de trouver des passerelles\u00a0 entre nous. Ceci,\u2026","og_url":"https:\/\/lion-environnement.org\/index.php\/2019\/11\/18\/le-festival-alimenterre-a-lion-sur-mer-2\/","og_site_name":"Lion Environnement","article_publisher":"https:\/\/www.facebook.com\/LionEnvironnement\/?locale=fr_FR","article_published_time":"2019-11-18T15:38:05+00:00","article_modified_time":"2022-06-21T17:00:44+00:00","og_image":[{"width":2048,"height":1536,"url":"https:\/\/lion-environnement.org\/wp-content\/uploads\/2019\/11\/IMG_3886-square.jpg","type":"image\/jpeg"}],"author":"Fran\u00e7oise Boisnard","twitter_card":"summary_large_image","twitter_misc":{"\u00c9crit par":"Fran\u00e7oise Boisnard","Dur\u00e9e de lecture estim\u00e9e":"2 minutes"},"schema":{"@context":"https:\/\/schema.org","@graph":[{"@type":"Article","@id":"https:\/\/lion-environnement.org\/index.php\/2019\/11\/18\/le-festival-alimenterre-a-lion-sur-mer-2\/#article","isPartOf":{"@id":"https:\/\/lion-environnement.org\/index.php\/2019\/11\/18\/le-festival-alimenterre-a-lion-sur-mer-2\/"},"author":{"name":"Fran\u00e7oise Boisnard","@id":"https:\/\/lion-environnement.org\/#\/schema\/person\/3232cb831e7607cdc4ac99f67f3a2a04"},"headline":"Le festival Alimenterre \u00e0 Lion-sur-mer","datePublished":"2019-11-18T15:38:05+00:00","dateModified":"2022-06-21T17:00:44+00:00","mainEntityOfPage":{"@id":"https:\/\/lion-environnement.org\/index.php\/2019\/11\/18\/le-festival-alimenterre-a-lion-sur-mer-2\/"},"wordCount":334,"commentCount":0,"publisher":{"@id":"https:\/\/lion-environnement.org\/#organization"},"image":{"@id":"https:\/\/lion-environnement.org\/index.php\/2019\/11\/18\/le-festival-alimenterre-a-lion-sur-mer-2\/#primaryimage"},"thumbnailUrl":"https:\/\/lion-environnement.org\/wp-content\/uploads\/2019\/11\/IMG_3886-square.jpg","articleSection":["film-d\u00e9bat"],"inLanguage":"fr-FR","potentialAction":[{"@type":"CommentAction","name":"Comment","target":["https:\/\/lion-environnement.org\/index.php\/2019\/11\/18\/le-festival-alimenterre-a-lion-sur-mer-2\/#respond"]}]},{"@type":"WebPage","@id":"https:\/\/lion-environnement.org\/index.php\/2019\/11\/18\/le-festival-alimenterre-a-lion-sur-mer-2\/","url":"https:\/\/lion-environnement.org\/index.php\/2019\/11\/18\/le-festival-alimenterre-a-lion-sur-mer-2\/","name":"Le festival Alimenterre \u00e0 Lion-sur-mer - Lion Environnement","isPartOf":{"@id":"https:\/\/lion-environnement.org\/#website"},"primaryImageOfPage":{"@id":"https:\/\/lion-environnement.org\/index.php\/2019\/11\/18\/le-festival-alimenterre-a-lion-sur-mer-2\/#primaryimage"},"image":{"@id":"https:\/\/lion-environnement.org\/index.php\/2019\/11\/18\/le-festival-alimenterre-a-lion-sur-mer-2\/#primaryimage"},"thumbnailUrl":"https:\/\/lion-environnement.org\/wp-content\/uploads\/2019\/11\/IMG_3886-square.jpg","datePublished":"2019-11-18T15:38:05+00:00","dateModified":"2022-06-21T17:00:44+00:00","breadcrumb":{"@id":"https:\/\/lion-environnement.org\/index.php\/2019\/11\/18\/le-festival-alimenterre-a-lion-sur-mer-2\/#breadcrumb"},"inLanguage":"fr-FR","potentialAction":[{"@type":"ReadAction","target":["https:\/\/lion-environnement.org\/index.php\/2019\/11\/18\/le-festival-alimenterre-a-lion-sur-mer-2\/"]}]},{"@type":"ImageObject","inLanguage":"fr-FR","@id":"https:\/\/lion-environnement.org\/index.php\/2019\/11\/18\/le-festival-alimenterre-a-lion-sur-mer-2\/#primaryimage","url":"https:\/\/lion-environnement.org\/wp-content\/uploads\/2019\/11\/IMG_3886-square.jpg","contentUrl":"https:\/\/lion-environnement.org\/wp-content\/uploads\/2019\/11\/IMG_3886-square.jpg","width":2048,"height":1536},{"@type":"BreadcrumbList","@id":"https:\/\/lion-environnement.org\/index.php\/2019\/11\/18\/le-festival-alimenterre-a-lion-sur-mer-2\/#breadcrumb","itemListElement":[{"@type":"ListItem","position":1,"name":"Accueil","item":"https:\/\/lion-environnement.org\/"},{"@type":"ListItem","position":2,"name":"Le festival Alimenterre \u00e0 Lion-sur-mer"}]},{"@type":"WebSite","@id":"https:\/\/lion-environnement.org\/#website","url":"https:\/\/lion-environnement.org\/","name":"Lion Environnement","description":"Lions nos \u00e9nergies pour pr\u00e9server l&#039;environnement et la sant\u00e9","publisher":{"@id":"https:\/\/lion-environnement.org\/#organization"},"potentialAction":[{"@type":"SearchAction","target":{"@type":"EntryPoint","urlTemplate":"https:\/\/lion-environnement.org\/?s={search_term_string}"},"query-input":{"@type":"PropertyValueSpecification","valueRequired":true,"valueName":"search_term_string"}}],"inLanguage":"fr-FR"},{"@type":"Organization","@id":"https:\/\/lion-environnement.org\/#organization","name":"Lion Environnement","url":"https:\/\/lion-environnement.org\/","logo":{"@type":"ImageObject","inLanguage":"fr-FR","@id":"https:\/\/lion-environnement.org\/#\/schema\/logo\/image\/","url":"https:\/\/lion-environnement.org\/wp-content\/uploads\/2016\/04\/logoLElongWeb-1.jpg","contentUrl":"https:\/\/lion-environnement.org\/wp-content\/uploads\/2016\/04\/logoLElongWeb-1.jpg","width":487,"height":113,"caption":"Lion Environnement"},"image":{"@id":"https:\/\/lion-environnement.org\/#\/schema\/logo\/image\/"},"sameAs":["https:\/\/www.facebook.com\/LionEnvironnement\/?locale=fr_FR","https:\/\/www.instagram.com\/environnementlion"]},{"@type":"Person","@id":"https:\/\/lion-environnement.org\/#\/schema\/person\/3232cb831e7607cdc4ac99f67f3a2a04","name":"Fran\u00e7oise Boisnard","image":{"@type":"ImageObject","inLanguage":"fr-FR","@id":"https:\/\/secure.gravatar.com\/avatar\/f3e342d9051121a9c0a9d7364e64d0ec3a3d04f41ea565cb3b24701989eb5c14?s=96&d=mm&r=g","url":"https:\/\/secure.gravatar.com\/avatar\/f3e342d9051121a9c0a9d7364e64d0ec3a3d04f41ea565cb3b24701989eb5c14?s=96&d=mm&r=g","contentUrl":"https:\/\/secure.gravatar.com\/avatar\/f3e342d9051121a9c0a9d7364e64d0ec3a3d04f41ea565cb3b24701989eb5c14?s=96&d=mm&r=g","caption":"Fran\u00e7oise Boisnard"},"url":"https:\/\/lion-environnement.org\/index.php\/author\/francoise-b\/"}]}},"_links":{"self":[{"href":"https:\/\/lion-environnement.org\/index.php\/wp-json\/wp\/v2\/posts\/4976","targetHints":{"allow":["GET"]}}],"collection":[{"href":"https:\/\/lion-environnement.org\/index.php\/wp-json\/wp\/v2\/posts"}],"about":[{"href":"https:\/\/lion-environnement.org\/index.php\/wp-json\/wp\/v2\/types\/post"}],"author":[{"embeddable":true,"href":"https:\/\/lion-environnement.org\/index.php\/wp-json\/wp\/v2\/users\/1547"}],"replies":[{"embeddable":true,"href":"https:\/\/lion-environnement.org\/index.php\/wp-json\/wp\/v2\/comments?post=4976"}],"version-history":[{"count":9,"href":"https:\/\/lion-environnement.org\/index.php\/wp-json\/wp\/v2\/posts\/4976\/revisions"}],"predecessor-version":[{"id":5014,"href":"https:\/\/lion-environnement.org\/index.php\/wp-json\/wp\/v2\/posts\/4976\/revisions\/5014"}],"wp:featuredmedia":[{"embeddable":true,"href":"https:\/\/lion-environnement.org\/index.php\/wp-json\/wp\/v2\/media\/4982"}],"wp:attachment":[{"href":"https:\/\/lion-environnement.org\/index.php\/wp-json\/wp\/v2\/media?parent=4976"}],"wp:term":[{"taxonomy":"category","embeddable":true,"href":"https:\/\/lion-environnement.org\/index.php\/wp-json\/wp\/v2\/categories?post=4976"},{"taxonomy":"post_tag","embeddable":true,"href":"https:\/\/lion-environnement.org\/index.php\/wp-json\/wp\/v2\/tags?post=4976"}],"curies":[{"name":"wp","href":"https:\/\/api.w.org\/{rel}","templated":true}]}}