{"id":4372,"date":"2019-06-13T17:01:54","date_gmt":"2019-06-13T15:01:54","guid":{"rendered":"https:\/\/lion-environnement.org\/?p=4372"},"modified":"2022-06-21T19:16:06","modified_gmt":"2022-06-21T17:16:06","slug":"art-au-jardin-2019-les-photographies","status":"publish","type":"post","link":"https:\/\/lion-environnement.org\/index.php\/2019\/06\/13\/art-au-jardin-2019-les-photographies\/","title":{"rendered":"Art au Jardin 2019, les photographies"},"content":{"rendered":"<p><span style=\"color: #333399; font-size: 10pt;\">Cliquez sur une photo pour la voir en grand, puis utilisez les fl\u00e8ches pour faire d\u00e9filer les autres photos.<\/span><\/p>\n<table style=\"border-collapse: collapse; width: 93.5002%; height: 171px;\">\n<tbody>\n<tr>\n<td style=\"width: 25%;\"><a href=\"https:\/\/lion-environnement.org\/?p=4370&amp;preview=true\"><img loading=\"lazy\" decoding=\"async\" class=\"alignnone wp-image-4053\" src=\"https:\/\/lion-environnement.org\/wp-content\/uploads\/2019\/06\/2019-06-09-AAJ-2019-AUVILLARS-1-DSC_7901-200x300.jpg\" alt=\"\" width=\"126\" height=\"189\" srcset=\"https:\/\/lion-environnement.org\/wp-content\/uploads\/2019\/06\/2019-06-09-AAJ-2019-AUVILLARS-1-DSC_7901-200x300.jpg 200w, https:\/\/lion-environnement.org\/wp-content\/uploads\/2019\/06\/2019-06-09-AAJ-2019-AUVILLARS-1-DSC_7901-768x1152.jpg 768w, https:\/\/lion-environnement.org\/wp-content\/uploads\/2019\/06\/2019-06-09-AAJ-2019-AUVILLARS-1-DSC_7901-683x1024.jpg 683w, https:\/\/lion-environnement.org\/wp-content\/uploads\/2019\/06\/2019-06-09-AAJ-2019-AUVILLARS-1-DSC_7901-1320x1980.jpg 1320w, https:\/\/lion-environnement.org\/wp-content\/uploads\/2019\/06\/2019-06-09-AAJ-2019-AUVILLARS-1-DSC_7901.jpg 1548w\" sizes=\"auto, (max-width: 126px) 100vw, 126px\" \/><\/a><a href=\"https:\/\/lion-environnement.org\/?p=4370&amp;preview=true\">Les Jardins d&rsquo;Auvillard<\/a><\/td>\n<td style=\"width: 25%;\"><a href=\"https:\/\/lion-environnement.org\/?p=4380&amp;preview=true\"><img loading=\"lazy\" decoding=\"async\" class=\"alignnone wp-image-4266\" src=\"https:\/\/lion-environnement.org\/wp-content\/uploads\/2019\/06\/2019-06-09-AAJ-2019-SUCCULENTES-2-DSC_8061-200x300.jpg\" alt=\"\" width=\"126\" height=\"190\" srcset=\"https:\/\/lion-environnement.org\/wp-content\/uploads\/2019\/06\/2019-06-09-AAJ-2019-SUCCULENTES-2-DSC_8061-200x300.jpg 200w, https:\/\/lion-environnement.org\/wp-content\/uploads\/2019\/06\/2019-06-09-AAJ-2019-SUCCULENTES-2-DSC_8061-768x1152.jpg 768w, https:\/\/lion-environnement.org\/wp-content\/uploads\/2019\/06\/2019-06-09-AAJ-2019-SUCCULENTES-2-DSC_8061-683x1024.jpg 683w, https:\/\/lion-environnement.org\/wp-content\/uploads\/2019\/06\/2019-06-09-AAJ-2019-SUCCULENTES-2-DSC_8061-1320x1980.jpg 1320w, https:\/\/lion-environnement.org\/wp-content\/uploads\/2019\/06\/2019-06-09-AAJ-2019-SUCCULENTES-2-DSC_8061.jpg 1548w\" sizes=\"auto, (max-width: 126px) 100vw, 126px\" \/><\/a><a href=\"https:\/\/lion-environnement.org\/?p=4380&amp;preview=true\">Les Succulentes<\/a><\/td>\n<td style=\"width: 25%;\"><a href=\"https:\/\/lion-environnement.org\/?p=4386&amp;preview=true\"><img loading=\"lazy\" decoding=\"async\" class=\"alignnone wp-image-4008\" src=\"https:\/\/lion-environnement.org\/wp-content\/uploads\/2019\/06\/2019-06-09-AAJ-2019-ANCOLIES-DSC_8150-200x300.jpg\" alt=\"\" width=\"126\" height=\"190\" srcset=\"https:\/\/lion-environnement.org\/wp-content\/uploads\/2019\/06\/2019-06-09-AAJ-2019-ANCOLIES-DSC_8150-200x300.jpg 200w, https:\/\/lion-environnement.org\/wp-content\/uploads\/2019\/06\/2019-06-09-AAJ-2019-ANCOLIES-DSC_8150-768x1152.jpg 768w, https:\/\/lion-environnement.org\/wp-content\/uploads\/2019\/06\/2019-06-09-AAJ-2019-ANCOLIES-DSC_8150-683x1024.jpg 683w, https:\/\/lion-environnement.org\/wp-content\/uploads\/2019\/06\/2019-06-09-AAJ-2019-ANCOLIES-DSC_8150-1320x1980.jpg 1320w, https:\/\/lion-environnement.org\/wp-content\/uploads\/2019\/06\/2019-06-09-AAJ-2019-ANCOLIES-DSC_8150.jpg 1548w\" sizes=\"auto, (max-width: 126px) 100vw, 126px\" \/><\/a><a href=\"https:\/\/lion-environnement.org\/?p=4386&amp;preview=true\">Les Ancolies<\/a><\/td>\n<td style=\"width: 25%;\"><a href=\"https:\/\/lion-environnement.org\/?p=4389&amp;preview=true\"><img loading=\"lazy\" decoding=\"async\" class=\"alignnone wp-image-4103\" src=\"https:\/\/lion-environnement.org\/wp-content\/uploads\/2019\/06\/2019-06-09-AAJ-2019-BIEN-ETRE-2-DSC_7987-200x300.jpg\" alt=\"\" width=\"124\" height=\"186\" srcset=\"https:\/\/lion-environnement.org\/wp-content\/uploads\/2019\/06\/2019-06-09-AAJ-2019-BIEN-ETRE-2-DSC_7987-200x300.jpg 200w, https:\/\/lion-environnement.org\/wp-content\/uploads\/2019\/06\/2019-06-09-AAJ-2019-BIEN-ETRE-2-DSC_7987-768x1152.jpg 768w, https:\/\/lion-environnement.org\/wp-content\/uploads\/2019\/06\/2019-06-09-AAJ-2019-BIEN-ETRE-2-DSC_7987-683x1024.jpg 683w, https:\/\/lion-environnement.org\/wp-content\/uploads\/2019\/06\/2019-06-09-AAJ-2019-BIEN-ETRE-2-DSC_7987-1320x1980.jpg 1320w, https:\/\/lion-environnement.org\/wp-content\/uploads\/2019\/06\/2019-06-09-AAJ-2019-BIEN-ETRE-2-DSC_7987.jpg 1548w\" sizes=\"auto, (max-width: 124px) 100vw, 124px\" \/><\/a><a href=\"https:\/\/lion-environnement.org\/?p=4389&amp;preview=true\">Jardin du Bien Etre<\/a><\/td>\n<\/tr>\n<tr>\n<td style=\"width: 25%;\"><a href=\"https:\/\/lion-environnement.org\/?p=4394&amp;preview=true\"><img loading=\"lazy\" decoding=\"async\" class=\"alignnone size-medium wp-image-4228\" src=\"https:\/\/lion-environnement.org\/wp-content\/uploads\/2019\/06\/2019-06-09-AAJ-2019-GALANTE-TERRE-1-DSC_7899-200x300.jpg\" alt=\"\" width=\"200\" height=\"300\" srcset=\"https:\/\/lion-environnement.org\/wp-content\/uploads\/2019\/06\/2019-06-09-AAJ-2019-GALANTE-TERRE-1-DSC_7899-200x300.jpg 200w, https:\/\/lion-environnement.org\/wp-content\/uploads\/2019\/06\/2019-06-09-AAJ-2019-GALANTE-TERRE-1-DSC_7899-768x1152.jpg 768w, https:\/\/lion-environnement.org\/wp-content\/uploads\/2019\/06\/2019-06-09-AAJ-2019-GALANTE-TERRE-1-DSC_7899-683x1024.jpg 683w, https:\/\/lion-environnement.org\/wp-content\/uploads\/2019\/06\/2019-06-09-AAJ-2019-GALANTE-TERRE-1-DSC_7899-1320x1980.jpg 1320w, https:\/\/lion-environnement.org\/wp-content\/uploads\/2019\/06\/2019-06-09-AAJ-2019-GALANTE-TERRE-1-DSC_7899.jpg 1548w\" sizes=\"auto, (max-width: 200px) 100vw, 200px\" \/><\/a><a href=\"https:\/\/lion-environnement.org\/?p=4394&amp;preview=true\">La Galante C\u00f4t\u00e9 Terre<\/a><\/td>\n<td style=\"width: 25%;\"><a href=\"https:\/\/lion-environnement.org\/?p=4398&amp;preview=true\"><img loading=\"lazy\" decoding=\"async\" class=\"alignnone size-medium wp-image-4205\" src=\"https:\/\/lion-environnement.org\/wp-content\/uploads\/2019\/06\/2019-06-09-AAJ-2019-GALANTE-MER-DSC_8129-200x300.jpg\" alt=\"\" width=\"200\" height=\"300\" srcset=\"https:\/\/lion-environnement.org\/wp-content\/uploads\/2019\/06\/2019-06-09-AAJ-2019-GALANTE-MER-DSC_8129-200x300.jpg 200w, https:\/\/lion-environnement.org\/wp-content\/uploads\/2019\/06\/2019-06-09-AAJ-2019-GALANTE-MER-DSC_8129-768x1152.jpg 768w, https:\/\/lion-environnement.org\/wp-content\/uploads\/2019\/06\/2019-06-09-AAJ-2019-GALANTE-MER-DSC_8129-683x1024.jpg 683w, https:\/\/lion-environnement.org\/wp-content\/uploads\/2019\/06\/2019-06-09-AAJ-2019-GALANTE-MER-DSC_8129-1320x1980.jpg 1320w, https:\/\/lion-environnement.org\/wp-content\/uploads\/2019\/06\/2019-06-09-AAJ-2019-GALANTE-MER-DSC_8129.jpg 1548w\" sizes=\"auto, (max-width: 200px) 100vw, 200px\" \/><\/a><a href=\"https:\/\/lion-environnement.org\/?p=4398&amp;preview=true\">La Galante C\u00f4t\u00e9 Mer<\/a><\/td>\n<td style=\"width: 25%;\"><a href=\"https:\/\/lion-environnement.org\/?p=4401&amp;preview=true\"><img loading=\"lazy\" decoding=\"async\" class=\"alignnone size-medium wp-image-4180\" src=\"https:\/\/lion-environnement.org\/wp-content\/uploads\/2019\/06\/2019-06-09-AAJ-2019-DSC_7894-200x300.jpg\" alt=\"\" width=\"200\" height=\"300\" srcset=\"https:\/\/lion-environnement.org\/wp-content\/uploads\/2019\/06\/2019-06-09-AAJ-2019-DSC_7894-200x300.jpg 200w, https:\/\/lion-environnement.org\/wp-content\/uploads\/2019\/06\/2019-06-09-AAJ-2019-DSC_7894-768x1152.jpg 768w, https:\/\/lion-environnement.org\/wp-content\/uploads\/2019\/06\/2019-06-09-AAJ-2019-DSC_7894-683x1024.jpg 683w, https:\/\/lion-environnement.org\/wp-content\/uploads\/2019\/06\/2019-06-09-AAJ-2019-DSC_7894-1320x1980.jpg 1320w, https:\/\/lion-environnement.org\/wp-content\/uploads\/2019\/06\/2019-06-09-AAJ-2019-DSC_7894.jpg 1548w\" sizes=\"auto, (max-width: 200px) 100vw, 200px\" \/><\/a><a href=\"https:\/\/lion-environnement.org\/?p=4401&amp;preview=true\">Vers les Falaises<\/a><\/td>\n<td style=\"width: 25%;\"><a href=\"https:\/\/lion-environnement.org\/?p=4404&amp;preview=true\"><img loading=\"lazy\" decoding=\"async\" class=\"alignnone size-medium wp-image-4255\" src=\"https:\/\/lion-environnement.org\/wp-content\/uploads\/2019\/06\/2019-06-09-AAJ-2019-PAPAVERS-1-DSC_8058-200x300.jpg\" alt=\"\" width=\"200\" height=\"300\" srcset=\"https:\/\/lion-environnement.org\/wp-content\/uploads\/2019\/06\/2019-06-09-AAJ-2019-PAPAVERS-1-DSC_8058-200x300.jpg 200w, https:\/\/lion-environnement.org\/wp-content\/uploads\/2019\/06\/2019-06-09-AAJ-2019-PAPAVERS-1-DSC_8058-768x1152.jpg 768w, https:\/\/lion-environnement.org\/wp-content\/uploads\/2019\/06\/2019-06-09-AAJ-2019-PAPAVERS-1-DSC_8058-683x1024.jpg 683w, https:\/\/lion-environnement.org\/wp-content\/uploads\/2019\/06\/2019-06-09-AAJ-2019-PAPAVERS-1-DSC_8058-1320x1980.jpg 1320w, https:\/\/lion-environnement.org\/wp-content\/uploads\/2019\/06\/2019-06-09-AAJ-2019-PAPAVERS-1-DSC_8058.jpg 1548w\" sizes=\"auto, (max-width: 200px) 100vw, 200px\" \/><\/a><a href=\"https:\/\/lion-environnement.org\/?p=4404&amp;preview=true\">Le Jardin des Papavers et des Mamas vertes<\/a><\/td>\n<\/tr>\n<tr>\n<td style=\"width: 25%;\"><a href=\"https:\/\/lion-environnement.org\/index.php\/2019\/06\/15\/hors-jardins\/\"><img loading=\"lazy\" decoding=\"async\" class=\"alignnone wp-image-4004\" src=\"https:\/\/lion-environnement.org\/wp-content\/uploads\/2019\/06\/2019-06-09-AAJ-2019-ACCUEIL-DSC_7888-300x200.jpg\" alt=\"\" width=\"300\" height=\"200\" srcset=\"https:\/\/lion-environnement.org\/wp-content\/uploads\/2019\/06\/2019-06-09-AAJ-2019-ACCUEIL-DSC_7888-300x200.jpg 300w, https:\/\/lion-environnement.org\/wp-content\/uploads\/2019\/06\/2019-06-09-AAJ-2019-ACCUEIL-DSC_7888-768x512.jpg 768w, https:\/\/lion-environnement.org\/wp-content\/uploads\/2019\/06\/2019-06-09-AAJ-2019-ACCUEIL-DSC_7888-1024x683.jpg 1024w, https:\/\/lion-environnement.org\/wp-content\/uploads\/2019\/06\/2019-06-09-AAJ-2019-ACCUEIL-DSC_7888-1320x880.jpg 1320w\" sizes=\"auto, (max-width: 300px) 100vw, 300px\" \/><\/a><a href=\"https:\/\/lion-environnement.org\/index.php\/2019\/06\/15\/hors-jardins\/\">Hors jardins<\/a><\/td>\n<td style=\"width: 25%;\"><a href=\"https:\/\/lion-environnement.org\/?p=4411&amp;preview=true\"><img loading=\"lazy\" decoding=\"async\" class=\"alignnone size-medium wp-image-4313\" src=\"https:\/\/lion-environnement.org\/wp-content\/uploads\/2019\/06\/2019-06-09-AAJ-2019-ZCHAPEAUX-ECOLEDSC_8339-300x200.jpg\" alt=\"\" width=\"300\" height=\"200\" srcset=\"https:\/\/lion-environnement.org\/wp-content\/uploads\/2019\/06\/2019-06-09-AAJ-2019-ZCHAPEAUX-ECOLEDSC_8339-300x200.jpg 300w, https:\/\/lion-environnement.org\/wp-content\/uploads\/2019\/06\/2019-06-09-AAJ-2019-ZCHAPEAUX-ECOLEDSC_8339-768x512.jpg 768w, https:\/\/lion-environnement.org\/wp-content\/uploads\/2019\/06\/2019-06-09-AAJ-2019-ZCHAPEAUX-ECOLEDSC_8339-1024x683.jpg 1024w, https:\/\/lion-environnement.org\/wp-content\/uploads\/2019\/06\/2019-06-09-AAJ-2019-ZCHAPEAUX-ECOLEDSC_8339-1320x880.jpg 1320w\" sizes=\"auto, (max-width: 300px) 100vw, 300px\" \/><\/a><a href=\"https:\/\/lion-environnement.org\/?p=4411&amp;preview=true\">Les chapeaux\u00a0 jardiniers de l&rsquo;\u00e9cole maternelle<\/a><\/td>\n<td style=\"width: 25%;\"><a href=\"https:\/\/lion-environnement.org\/?p=4415&amp;preview=true\"><img loading=\"lazy\" decoding=\"async\" class=\"alignnone size-medium wp-image-4350\" src=\"https:\/\/lion-environnement.org\/wp-content\/uploads\/2019\/06\/2019-06-09-AAJ-2019-ZPIEDUMUR-DSC_7883-300x200.jpg\" alt=\"\" width=\"300\" height=\"200\" srcset=\"https:\/\/lion-environnement.org\/wp-content\/uploads\/2019\/06\/2019-06-09-AAJ-2019-ZPIEDUMUR-DSC_7883-300x200.jpg 300w, https:\/\/lion-environnement.org\/wp-content\/uploads\/2019\/06\/2019-06-09-AAJ-2019-ZPIEDUMUR-DSC_7883-768x512.jpg 768w, https:\/\/lion-environnement.org\/wp-content\/uploads\/2019\/06\/2019-06-09-AAJ-2019-ZPIEDUMUR-DSC_7883-1024x683.jpg 1024w, https:\/\/lion-environnement.org\/wp-content\/uploads\/2019\/06\/2019-06-09-AAJ-2019-ZPIEDUMUR-DSC_7883-1320x880.jpg 1320w\" sizes=\"auto, (max-width: 300px) 100vw, 300px\" \/><\/a><a href=\"https:\/\/lion-environnement.org\/?p=4415&amp;preview=true\">Jardiner la rue<\/a><\/td>\n<td style=\"width: 25%;\"><a href=\"https:\/\/lion-environnement.org\/index.php\/2019\/06\/15\/les-tricots-de-latl\/2019-06-09-aaj-2019-auvillars-tricot-dsc_7941\/\" rel=\"attachment wp-att-4101\"><img loading=\"lazy\" decoding=\"async\" class=\"alignnone size-medium wp-image-4101\" src=\"https:\/\/lion-environnement.org\/wp-content\/uploads\/2019\/06\/2019-06-09-AAJ-2019-AUVILLARS-TRICOT-DSC_7941-300x200.jpg\" alt=\"\" width=\"300\" height=\"200\" srcset=\"https:\/\/lion-environnement.org\/wp-content\/uploads\/2019\/06\/2019-06-09-AAJ-2019-AUVILLARS-TRICOT-DSC_7941-300x200.jpg 300w, https:\/\/lion-environnement.org\/wp-content\/uploads\/2019\/06\/2019-06-09-AAJ-2019-AUVILLARS-TRICOT-DSC_7941-768x512.jpg 768w, https:\/\/lion-environnement.org\/wp-content\/uploads\/2019\/06\/2019-06-09-AAJ-2019-AUVILLARS-TRICOT-DSC_7941-1024x683.jpg 1024w, https:\/\/lion-environnement.org\/wp-content\/uploads\/2019\/06\/2019-06-09-AAJ-2019-AUVILLARS-TRICOT-DSC_7941-1320x880.jpg 1320w\" sizes=\"auto, (max-width: 300px) 100vw, 300px\" \/><\/a><a href=\"https:\/\/lion-environnement.org\/?p=4419&amp;preview=true\">Les tricots de l&rsquo;Atelier du Temps Libre<\/a><\/td>\n<\/tr>\n<tr>\n<td style=\"width: 25%;\"><\/td>\n<td style=\"width: 25%;\"><\/td>\n<td style=\"width: 25%;\"><\/td>\n<td style=\"width: 25%;\"><\/td>\n<\/tr>\n<\/tbody>\n<\/table>\n<p>&nbsp;<\/p>\n<p>&nbsp;<\/p>\n<p>&nbsp;<\/p>\n<p>&nbsp;<\/p>\n","protected":false},"excerpt":{"rendered":"<p>Cliquez sur une photo pour la voir en grand, puis utilisez les fl\u00e8ches pour faire d\u00e9filer les autres photos. Les Jardins d&rsquo;Auvillard Les Succulentes Les Ancolies Jardin du Bien Etre La Galante C\u00f4t\u00e9 Terre La Galante C\u00f4t\u00e9 Mer Vers les Falaises Le Jardin des Papavers et des Mamas vertes Hors jardins Les chapeaux\u00a0 jardiniers de\u2026<\/p>\n","protected":false},"author":1553,"featured_media":0,"comment_status":"open","ping_status":"open","sticky":false,"template":"","format":"standard","meta":{"footnotes":""},"categories":[8],"tags":[],"class_list":["post-4372","post","type-post","status-publish","format-standard","hentry","category-art-au-jardin"],"_wp_attached_file":null,"_wp_attachment_metadata":null,"_menu_item_type":null,"_menu_item_menu_item_parent":null,"_menu_item_object_id":null,"_menu_item_object":null,"_menu_item_target":null,"_menu_item_classes":null,"_menu_item_xfn":null,"_menu_item_url":null,"_eventorganiser_event_schedule":null,"_eventorganiser_schedule_until":null,"_wpas_done_all":null,"_eventorganiser_schedule_start_start":null,"_eventorganiser_schedule_start_finish":null,"_eventorganiser_schedule_last_start":null,"_eventorganiser_schedule_last_finish":null,"_wp_attachment_backup_sizes":null,"_wp_attachment_context":null,"event_address":null,"event_start_date":null,"event_to_time":null,"event_from_time":null,"event_end_date":null,"_oembed_7e6c0eb53f1b87dceeb7157df4c64ecd":null,"_oembed_ac860e2f1183d5fbf8efad3e14b2b998":null,"_oembed_2fa3d1dc2e72f2f3db15582a07766e9d":null,"_oembed_ba1f94dfef6f2f056282005c87e1dd1f":null,"_oembed_b4fa8c58de01621c3377349423193585":null,"_oembed_2c076515dc13114e0a07a701157042d8":null,"_oembed_time_2c076515dc13114e0a07a701157042d8":null,"_su_description":null,"_wp_attachment_is_custom_header":null,"_wp_attachment_custom_header_last_used_enigma":null,"_mc_event_shortcode":null,"_mc_event_access":null,"_mc_event_id":null,"_mc_event_desc":null,"_mc_event_image":null,"_event_time_label":null,"_mc_event_data":null,"_snap_forceSURL":null,"snap_MYURL":null,"snapEdIT":null,"_mc_event_location":null,"_oembed_cdb00187755a40067dfed1152b83fa85":null,"_oembed_2a2b1181a4872c3fcae632ccb831338e":null,"_oembed_223e8f80fcafbbb0e655c3b852ad258b":null,"_oembed_f2dbc4e0e03552dca3704dc9d3b35b81":null,"_oembed_0f31e9c8d775433415a564642134b876":null,"_oembed_37f37d6d5d0f763259b5f2d5c6698765":null,"_oembed_7d585094b05c3c88729a16a5d0b76382":null,"_oembed_49e3f6fef25f62658e66c1baa5716b3c":null,"_oembed_3bbcd6cd9ba0f8e8cead97d8bddbbbae":null,"_oembed_6107383b394908a78bf711554ae8a1e4":null,"_oembed_5d6a5ae5cd2e93d5022ed2485426fcf4":null,"_oembed_422f96ea83a4884539ceb42326a11ee5":null,"_oembed_ab6628735dc0e2101ba08ec87fcef1b7":null,"_oembed_75bd89488fe790d8e4f203396bb84c81":null,"_oembed_time_75bd89488fe790d8e4f203396bb84c81":null,"_oembed_c6d8784021cf1310fe080cd343275a5a":null,"_oembed_time_c6d8784021cf1310fe080cd343275a5a":null,"_wp_attachment_custom_header_last_used_greenigma":null,"_wp_attachment_is_custom_background":null,"enclosure":null,"_oembed_3bca2a21e398bc75f8a1b2ec60f88d23":null,"_oembed_25600d5f25f51af7be904b38ccae40ec":null,"_oembed_time_25600d5f25f51af7be904b38ccae40ec":null,"_mc_guid":null,"_mc4wp_settings":null,"text_subscribed":null,"text_invalid_email":null,"text_required_field_missing":null,"text_already_subscribed":null,"text_error":null,"text_unsubscribed":null,"text_not_subscribed":null,"text_no_lists_selected":null,"text_updated":null,"_bbp_reply_count_hidden":null,"_bbp_topic_count_hidden":null,"_bbp_total_topic_count":null,"_bbp_topic_count":null,"_bbp_total_reply_count":null,"_bbp_reply_count":null,"_bbp_forum_subforum_count":null,"_bbp_last_active_time":null,"user_registration_form_setting_default_user_role":null,"user_registration_form_setting_enable_strong_password":null,"user_registration_form_setting_minimum_password_strength":null,"user_registration_form_setting_form_submit_label":null,"user_registration_form_setting_enable_recaptcha_support":null,"user_registration_form_template":null,"user_registration_form_custom_class":null,"_oembed_ef95b2b98f04716f23e0a4eed7816e1b":null,"_oembed_time_ef95b2b98f04716f23e0a4eed7816e1b":null,"_wp_attachment_image_alt":null,"_mc_event_date":null,"_customize_changeset_uuid":null,"sg_popup_target":null,"sg_popup_events":null,"sg_popup_options":null,"_oembed_caf01abe71309dc253791159ac4336cb":null,"_sgpb_original":null,"sg_popup_events_preview":null,"sg_popup_options_preview":null,"sg_popup_target_preview":null,"user_registration_form_setting_redirect_options":null,"_oembed_10c4a1529e884332ff612b45feeae083":null,"_bbp_forum_id":null,"_bbp_last_topic_id":null,"_bbp_last_reply_id":null,"_bbp_last_active_id":null,"_form":null,"_mail":null,"_mail_2":null,"_messages":null,"_additional_settings":null,"_locale":null,"_elementor_css":null,"_menu_sgpb_popup_id":null,"_oembed_bbc07775835a27fca3dab6de0a78c453":null,"cmplz_tc_document_status":null,"_oembed_a8eea5673581fdb5da3c215c1676eaf2":null,"_oembed_time_a8eea5673581fdb5da3c215c1676eaf2":null,"_bbp_forum_type":null,"_bbp_status":null,"_bbp_total_reply_count_hidden":null,"_wp_page_template":null,"_edit_last":"1559","_edit_lock":"1655831766:1559","_su_rich_snippet_type":"none","xyz_fbap":"1","xyz_fbap_insert_og":"0","_thumbnail_id":null,"_jetpack_dont_email_post_to_subs":null,"_su_title":null,"_cmplz_scanned_post":"1","xyz_fbap_future_to_publish":{"post_fb_permission":1,"xyz_fbap_po_method":"2","xyz_fbap_message":"{POST_TITLE} vient d'\u00eatre publi\u00e9 sur {BLOG_TITLE}"},"_wp_old_slug":null,"_wp_old_date":null,"cmplz_hide_cookiebanner":null,"_elementor_template_type":null,"_elementor_edit_mode":null,"_elementor_data":null,"_elementor_version":null,"_elementor_controls_usage":null,"classic-editor-remember":null,"_wp_trash_meta_status":null,"_wp_trash_meta_time":null,"_wp_desired_post_slug":null,"yoast_head":"<!-- This site is optimized with the Yoast SEO plugin v27.4 - https:\/\/yoast.com\/product\/yoast-seo-wordpress\/ -->\n<title>Art au Jardin 2019, les photographies - Lion Environnement<\/title>\n<meta name=\"robots\" content=\"index, follow, max-snippet:-1, max-image-preview:large, max-video-preview:-1\" \/>\n<link rel=\"canonical\" href=\"https:\/\/lion-environnement.org\/index.php\/2019\/06\/13\/art-au-jardin-2019-les-photographies\/\" \/>\n<meta property=\"og:locale\" content=\"fr_FR\" \/>\n<meta property=\"og:type\" content=\"article\" \/>\n<meta property=\"og:title\" content=\"Art au Jardin 2019, les photographies - Lion Environnement\" \/>\n<meta property=\"og:description\" content=\"Cliquez sur une photo pour la voir en grand, puis utilisez les fl\u00e8ches pour faire d\u00e9filer les autres photos. Les Jardins d&rsquo;Auvillard Les Succulentes Les Ancolies Jardin du Bien Etre La Galante C\u00f4t\u00e9 Terre La Galante C\u00f4t\u00e9 Mer Vers les Falaises Le Jardin des Papavers et des Mamas vertes Hors jardins Les chapeaux\u00a0 jardiniers de\u2026\" \/>\n<meta property=\"og:url\" content=\"https:\/\/lion-environnement.org\/index.php\/2019\/06\/13\/art-au-jardin-2019-les-photographies\/\" \/>\n<meta property=\"og:site_name\" content=\"Lion Environnement\" \/>\n<meta property=\"article:publisher\" content=\"https:\/\/www.facebook.com\/LionEnvironnement\/?locale=fr_FR\" \/>\n<meta property=\"article:published_time\" content=\"2019-06-13T15:01:54+00:00\" \/>\n<meta property=\"article:modified_time\" content=\"2022-06-21T17:16:06+00:00\" \/>\n<meta property=\"og:image\" content=\"https:\/\/lion-environnement.org\/wp-content\/uploads\/2019\/06\/2019-06-09-AAJ-2019-AUVILLARS-1-DSC_7901.jpg\" \/>\n\t<meta property=\"og:image:width\" content=\"1548\" \/>\n\t<meta property=\"og:image:height\" content=\"2322\" \/>\n\t<meta property=\"og:image:type\" content=\"image\/jpeg\" \/>\n<meta name=\"author\" content=\"Alain Desmeulles\" \/>\n<meta name=\"twitter:card\" content=\"summary_large_image\" \/>\n<meta name=\"twitter:label1\" content=\"\u00c9crit par\" \/>\n\t<meta name=\"twitter:data1\" content=\"Alain Desmeulles\" \/>\n<script type=\"application\/ld+json\" class=\"yoast-schema-graph\">{\"@context\":\"https:\\\/\\\/schema.org\",\"@graph\":[{\"@type\":\"Article\",\"@id\":\"https:\\\/\\\/lion-environnement.org\\\/index.php\\\/2019\\\/06\\\/13\\\/art-au-jardin-2019-les-photographies\\\/#article\",\"isPartOf\":{\"@id\":\"https:\\\/\\\/lion-environnement.org\\\/index.php\\\/2019\\\/06\\\/13\\\/art-au-jardin-2019-les-photographies\\\/\"},\"author\":{\"name\":\"Alain Desmeulles\",\"@id\":\"https:\\\/\\\/lion-environnement.org\\\/#\\\/schema\\\/person\\\/49ef95251cf58b3fa50109432f9ec518\"},\"headline\":\"Art au Jardin 2019, les photographies\",\"datePublished\":\"2019-06-13T15:01:54+00:00\",\"dateModified\":\"2022-06-21T17:16:06+00:00\",\"mainEntityOfPage\":{\"@id\":\"https:\\\/\\\/lion-environnement.org\\\/index.php\\\/2019\\\/06\\\/13\\\/art-au-jardin-2019-les-photographies\\\/\"},\"wordCount\":83,\"commentCount\":0,\"publisher\":{\"@id\":\"https:\\\/\\\/lion-environnement.org\\\/#organization\"},\"image\":{\"@id\":\"https:\\\/\\\/lion-environnement.org\\\/index.php\\\/2019\\\/06\\\/13\\\/art-au-jardin-2019-les-photographies\\\/#primaryimage\"},\"thumbnailUrl\":\"https:\\\/\\\/lion-environnement.org\\\/wp-content\\\/uploads\\\/2019\\\/06\\\/2019-06-09-AAJ-2019-AUVILLARS-1-DSC_7901-200x300.jpg\",\"articleSection\":[\"art au jardin\"],\"inLanguage\":\"fr-FR\",\"potentialAction\":[{\"@type\":\"CommentAction\",\"name\":\"Comment\",\"target\":[\"https:\\\/\\\/lion-environnement.org\\\/index.php\\\/2019\\\/06\\\/13\\\/art-au-jardin-2019-les-photographies\\\/#respond\"]}]},{\"@type\":\"WebPage\",\"@id\":\"https:\\\/\\\/lion-environnement.org\\\/index.php\\\/2019\\\/06\\\/13\\\/art-au-jardin-2019-les-photographies\\\/\",\"url\":\"https:\\\/\\\/lion-environnement.org\\\/index.php\\\/2019\\\/06\\\/13\\\/art-au-jardin-2019-les-photographies\\\/\",\"name\":\"Art au Jardin 2019, les photographies - Lion Environnement\",\"isPartOf\":{\"@id\":\"https:\\\/\\\/lion-environnement.org\\\/#website\"},\"primaryImageOfPage\":{\"@id\":\"https:\\\/\\\/lion-environnement.org\\\/index.php\\\/2019\\\/06\\\/13\\\/art-au-jardin-2019-les-photographies\\\/#primaryimage\"},\"image\":{\"@id\":\"https:\\\/\\\/lion-environnement.org\\\/index.php\\\/2019\\\/06\\\/13\\\/art-au-jardin-2019-les-photographies\\\/#primaryimage\"},\"thumbnailUrl\":\"https:\\\/\\\/lion-environnement.org\\\/wp-content\\\/uploads\\\/2019\\\/06\\\/2019-06-09-AAJ-2019-AUVILLARS-1-DSC_7901-200x300.jpg\",\"datePublished\":\"2019-06-13T15:01:54+00:00\",\"dateModified\":\"2022-06-21T17:16:06+00:00\",\"breadcrumb\":{\"@id\":\"https:\\\/\\\/lion-environnement.org\\\/index.php\\\/2019\\\/06\\\/13\\\/art-au-jardin-2019-les-photographies\\\/#breadcrumb\"},\"inLanguage\":\"fr-FR\",\"potentialAction\":[{\"@type\":\"ReadAction\",\"target\":[\"https:\\\/\\\/lion-environnement.org\\\/index.php\\\/2019\\\/06\\\/13\\\/art-au-jardin-2019-les-photographies\\\/\"]}]},{\"@type\":\"ImageObject\",\"inLanguage\":\"fr-FR\",\"@id\":\"https:\\\/\\\/lion-environnement.org\\\/index.php\\\/2019\\\/06\\\/13\\\/art-au-jardin-2019-les-photographies\\\/#primaryimage\",\"url\":\"https:\\\/\\\/lion-environnement.org\\\/wp-content\\\/uploads\\\/2019\\\/06\\\/2019-06-09-AAJ-2019-AUVILLARS-1-DSC_7901.jpg\",\"contentUrl\":\"https:\\\/\\\/lion-environnement.org\\\/wp-content\\\/uploads\\\/2019\\\/06\\\/2019-06-09-AAJ-2019-AUVILLARS-1-DSC_7901.jpg\",\"width\":1548,\"height\":2322},{\"@type\":\"BreadcrumbList\",\"@id\":\"https:\\\/\\\/lion-environnement.org\\\/index.php\\\/2019\\\/06\\\/13\\\/art-au-jardin-2019-les-photographies\\\/#breadcrumb\",\"itemListElement\":[{\"@type\":\"ListItem\",\"position\":1,\"name\":\"Accueil\",\"item\":\"https:\\\/\\\/lion-environnement.org\\\/\"},{\"@type\":\"ListItem\",\"position\":2,\"name\":\"Art au Jardin 2019, les photographies\"}]},{\"@type\":\"WebSite\",\"@id\":\"https:\\\/\\\/lion-environnement.org\\\/#website\",\"url\":\"https:\\\/\\\/lion-environnement.org\\\/\",\"name\":\"Lion Environnement\",\"description\":\"Lions nos \u00e9nergies pour pr\u00e9server l&#039;environnement et la sant\u00e9\",\"publisher\":{\"@id\":\"https:\\\/\\\/lion-environnement.org\\\/#organization\"},\"potentialAction\":[{\"@type\":\"SearchAction\",\"target\":{\"@type\":\"EntryPoint\",\"urlTemplate\":\"https:\\\/\\\/lion-environnement.org\\\/?s={search_term_string}\"},\"query-input\":{\"@type\":\"PropertyValueSpecification\",\"valueRequired\":true,\"valueName\":\"search_term_string\"}}],\"inLanguage\":\"fr-FR\"},{\"@type\":\"Organization\",\"@id\":\"https:\\\/\\\/lion-environnement.org\\\/#organization\",\"name\":\"Lion Environnement\",\"url\":\"https:\\\/\\\/lion-environnement.org\\\/\",\"logo\":{\"@type\":\"ImageObject\",\"inLanguage\":\"fr-FR\",\"@id\":\"https:\\\/\\\/lion-environnement.org\\\/#\\\/schema\\\/logo\\\/image\\\/\",\"url\":\"https:\\\/\\\/lion-environnement.org\\\/wp-content\\\/uploads\\\/2016\\\/04\\\/logoLElongWeb-1.jpg\",\"contentUrl\":\"https:\\\/\\\/lion-environnement.org\\\/wp-content\\\/uploads\\\/2016\\\/04\\\/logoLElongWeb-1.jpg\",\"width\":487,\"height\":113,\"caption\":\"Lion Environnement\"},\"image\":{\"@id\":\"https:\\\/\\\/lion-environnement.org\\\/#\\\/schema\\\/logo\\\/image\\\/\"},\"sameAs\":[\"https:\\\/\\\/www.facebook.com\\\/LionEnvironnement\\\/?locale=fr_FR\",\"https:\\\/\\\/www.instagram.com\\\/environnementlion\"]},{\"@type\":\"Person\",\"@id\":\"https:\\\/\\\/lion-environnement.org\\\/#\\\/schema\\\/person\\\/49ef95251cf58b3fa50109432f9ec518\",\"name\":\"Alain Desmeulles\",\"image\":{\"@type\":\"ImageObject\",\"inLanguage\":\"fr-FR\",\"@id\":\"https:\\\/\\\/secure.gravatar.com\\\/avatar\\\/e7f1de3f1a3b70cca810c56bc989f3a5ef7845039e96e5cd369658dee9420b3f?s=96&d=mm&r=g\",\"url\":\"https:\\\/\\\/secure.gravatar.com\\\/avatar\\\/e7f1de3f1a3b70cca810c56bc989f3a5ef7845039e96e5cd369658dee9420b3f?s=96&d=mm&r=g\",\"contentUrl\":\"https:\\\/\\\/secure.gravatar.com\\\/avatar\\\/e7f1de3f1a3b70cca810c56bc989f3a5ef7845039e96e5cd369658dee9420b3f?s=96&d=mm&r=g\",\"caption\":\"Alain Desmeulles\"},\"url\":\"https:\\\/\\\/lion-environnement.org\\\/index.php\\\/author\\\/alain-d\\\/\"}]}<\/script>\n<!-- \/ Yoast SEO plugin. -->","yoast_head_json":{"title":"Art au Jardin 2019, les photographies - Lion Environnement","robots":{"index":"index","follow":"follow","max-snippet":"max-snippet:-1","max-image-preview":"max-image-preview:large","max-video-preview":"max-video-preview:-1"},"canonical":"https:\/\/lion-environnement.org\/index.php\/2019\/06\/13\/art-au-jardin-2019-les-photographies\/","og_locale":"fr_FR","og_type":"article","og_title":"Art au Jardin 2019, les photographies - Lion Environnement","og_description":"Cliquez sur une photo pour la voir en grand, puis utilisez les fl\u00e8ches pour faire d\u00e9filer les autres photos. Les Jardins d&rsquo;Auvillard Les Succulentes Les Ancolies Jardin du Bien Etre La Galante C\u00f4t\u00e9 Terre La Galante C\u00f4t\u00e9 Mer Vers les Falaises Le Jardin des Papavers et des Mamas vertes Hors jardins Les chapeaux\u00a0 jardiniers de\u2026","og_url":"https:\/\/lion-environnement.org\/index.php\/2019\/06\/13\/art-au-jardin-2019-les-photographies\/","og_site_name":"Lion Environnement","article_publisher":"https:\/\/www.facebook.com\/LionEnvironnement\/?locale=fr_FR","article_published_time":"2019-06-13T15:01:54+00:00","article_modified_time":"2022-06-21T17:16:06+00:00","og_image":[{"width":1548,"height":2322,"url":"https:\/\/lion-environnement.org\/wp-content\/uploads\/2019\/06\/2019-06-09-AAJ-2019-AUVILLARS-1-DSC_7901.jpg","type":"image\/jpeg"}],"author":"Alain Desmeulles","twitter_card":"summary_large_image","twitter_misc":{"\u00c9crit par":"Alain Desmeulles"},"schema":{"@context":"https:\/\/schema.org","@graph":[{"@type":"Article","@id":"https:\/\/lion-environnement.org\/index.php\/2019\/06\/13\/art-au-jardin-2019-les-photographies\/#article","isPartOf":{"@id":"https:\/\/lion-environnement.org\/index.php\/2019\/06\/13\/art-au-jardin-2019-les-photographies\/"},"author":{"name":"Alain Desmeulles","@id":"https:\/\/lion-environnement.org\/#\/schema\/person\/49ef95251cf58b3fa50109432f9ec518"},"headline":"Art au Jardin 2019, les photographies","datePublished":"2019-06-13T15:01:54+00:00","dateModified":"2022-06-21T17:16:06+00:00","mainEntityOfPage":{"@id":"https:\/\/lion-environnement.org\/index.php\/2019\/06\/13\/art-au-jardin-2019-les-photographies\/"},"wordCount":83,"commentCount":0,"publisher":{"@id":"https:\/\/lion-environnement.org\/#organization"},"image":{"@id":"https:\/\/lion-environnement.org\/index.php\/2019\/06\/13\/art-au-jardin-2019-les-photographies\/#primaryimage"},"thumbnailUrl":"https:\/\/lion-environnement.org\/wp-content\/uploads\/2019\/06\/2019-06-09-AAJ-2019-AUVILLARS-1-DSC_7901-200x300.jpg","articleSection":["art au jardin"],"inLanguage":"fr-FR","potentialAction":[{"@type":"CommentAction","name":"Comment","target":["https:\/\/lion-environnement.org\/index.php\/2019\/06\/13\/art-au-jardin-2019-les-photographies\/#respond"]}]},{"@type":"WebPage","@id":"https:\/\/lion-environnement.org\/index.php\/2019\/06\/13\/art-au-jardin-2019-les-photographies\/","url":"https:\/\/lion-environnement.org\/index.php\/2019\/06\/13\/art-au-jardin-2019-les-photographies\/","name":"Art au Jardin 2019, les photographies - Lion Environnement","isPartOf":{"@id":"https:\/\/lion-environnement.org\/#website"},"primaryImageOfPage":{"@id":"https:\/\/lion-environnement.org\/index.php\/2019\/06\/13\/art-au-jardin-2019-les-photographies\/#primaryimage"},"image":{"@id":"https:\/\/lion-environnement.org\/index.php\/2019\/06\/13\/art-au-jardin-2019-les-photographies\/#primaryimage"},"thumbnailUrl":"https:\/\/lion-environnement.org\/wp-content\/uploads\/2019\/06\/2019-06-09-AAJ-2019-AUVILLARS-1-DSC_7901-200x300.jpg","datePublished":"2019-06-13T15:01:54+00:00","dateModified":"2022-06-21T17:16:06+00:00","breadcrumb":{"@id":"https:\/\/lion-environnement.org\/index.php\/2019\/06\/13\/art-au-jardin-2019-les-photographies\/#breadcrumb"},"inLanguage":"fr-FR","potentialAction":[{"@type":"ReadAction","target":["https:\/\/lion-environnement.org\/index.php\/2019\/06\/13\/art-au-jardin-2019-les-photographies\/"]}]},{"@type":"ImageObject","inLanguage":"fr-FR","@id":"https:\/\/lion-environnement.org\/index.php\/2019\/06\/13\/art-au-jardin-2019-les-photographies\/#primaryimage","url":"https:\/\/lion-environnement.org\/wp-content\/uploads\/2019\/06\/2019-06-09-AAJ-2019-AUVILLARS-1-DSC_7901.jpg","contentUrl":"https:\/\/lion-environnement.org\/wp-content\/uploads\/2019\/06\/2019-06-09-AAJ-2019-AUVILLARS-1-DSC_7901.jpg","width":1548,"height":2322},{"@type":"BreadcrumbList","@id":"https:\/\/lion-environnement.org\/index.php\/2019\/06\/13\/art-au-jardin-2019-les-photographies\/#breadcrumb","itemListElement":[{"@type":"ListItem","position":1,"name":"Accueil","item":"https:\/\/lion-environnement.org\/"},{"@type":"ListItem","position":2,"name":"Art au Jardin 2019, les photographies"}]},{"@type":"WebSite","@id":"https:\/\/lion-environnement.org\/#website","url":"https:\/\/lion-environnement.org\/","name":"Lion Environnement","description":"Lions nos \u00e9nergies pour pr\u00e9server l&#039;environnement et la sant\u00e9","publisher":{"@id":"https:\/\/lion-environnement.org\/#organization"},"potentialAction":[{"@type":"SearchAction","target":{"@type":"EntryPoint","urlTemplate":"https:\/\/lion-environnement.org\/?s={search_term_string}"},"query-input":{"@type":"PropertyValueSpecification","valueRequired":true,"valueName":"search_term_string"}}],"inLanguage":"fr-FR"},{"@type":"Organization","@id":"https:\/\/lion-environnement.org\/#organization","name":"Lion Environnement","url":"https:\/\/lion-environnement.org\/","logo":{"@type":"ImageObject","inLanguage":"fr-FR","@id":"https:\/\/lion-environnement.org\/#\/schema\/logo\/image\/","url":"https:\/\/lion-environnement.org\/wp-content\/uploads\/2016\/04\/logoLElongWeb-1.jpg","contentUrl":"https:\/\/lion-environnement.org\/wp-content\/uploads\/2016\/04\/logoLElongWeb-1.jpg","width":487,"height":113,"caption":"Lion Environnement"},"image":{"@id":"https:\/\/lion-environnement.org\/#\/schema\/logo\/image\/"},"sameAs":["https:\/\/www.facebook.com\/LionEnvironnement\/?locale=fr_FR","https:\/\/www.instagram.com\/environnementlion"]},{"@type":"Person","@id":"https:\/\/lion-environnement.org\/#\/schema\/person\/49ef95251cf58b3fa50109432f9ec518","name":"Alain Desmeulles","image":{"@type":"ImageObject","inLanguage":"fr-FR","@id":"https:\/\/secure.gravatar.com\/avatar\/e7f1de3f1a3b70cca810c56bc989f3a5ef7845039e96e5cd369658dee9420b3f?s=96&d=mm&r=g","url":"https:\/\/secure.gravatar.com\/avatar\/e7f1de3f1a3b70cca810c56bc989f3a5ef7845039e96e5cd369658dee9420b3f?s=96&d=mm&r=g","contentUrl":"https:\/\/secure.gravatar.com\/avatar\/e7f1de3f1a3b70cca810c56bc989f3a5ef7845039e96e5cd369658dee9420b3f?s=96&d=mm&r=g","caption":"Alain Desmeulles"},"url":"https:\/\/lion-environnement.org\/index.php\/author\/alain-d\/"}]}},"_links":{"self":[{"href":"https:\/\/lion-environnement.org\/index.php\/wp-json\/wp\/v2\/posts\/4372","targetHints":{"allow":["GET"]}}],"collection":[{"href":"https:\/\/lion-environnement.org\/index.php\/wp-json\/wp\/v2\/posts"}],"about":[{"href":"https:\/\/lion-environnement.org\/index.php\/wp-json\/wp\/v2\/types\/post"}],"author":[{"embeddable":true,"href":"https:\/\/lion-environnement.org\/index.php\/wp-json\/wp\/v2\/users\/1553"}],"replies":[{"embeddable":true,"href":"https:\/\/lion-environnement.org\/index.php\/wp-json\/wp\/v2\/comments?post=4372"}],"version-history":[{"count":33,"href":"https:\/\/lion-environnement.org\/index.php\/wp-json\/wp\/v2\/posts\/4372\/revisions"}],"predecessor-version":[{"id":4466,"href":"https:\/\/lion-environnement.org\/index.php\/wp-json\/wp\/v2\/posts\/4372\/revisions\/4466"}],"wp:attachment":[{"href":"https:\/\/lion-environnement.org\/index.php\/wp-json\/wp\/v2\/media?parent=4372"}],"wp:term":[{"taxonomy":"category","embeddable":true,"href":"https:\/\/lion-environnement.org\/index.php\/wp-json\/wp\/v2\/categories?post=4372"},{"taxonomy":"post_tag","embeddable":true,"href":"https:\/\/lion-environnement.org\/index.php\/wp-json\/wp\/v2\/tags?post=4372"}],"curies":[{"name":"wp","href":"https:\/\/api.w.org\/{rel}","templated":true}]}}