{"id":2102,"date":"2018-04-19T22:58:05","date_gmt":"2018-04-19T20:58:05","guid":{"rendered":"https:\/\/lion-environnement.org\/?p=2102"},"modified":"2019-02-07T08:58:56","modified_gmt":"2019-02-07T07:58:56","slug":"incroyables-comestibles-fin-de-la-periode-hivernale","status":"publish","type":"post","link":"https:\/\/lion-environnement.org\/index.php\/2018\/04\/19\/incroyables-comestibles-fin-de-la-periode-hivernale\/","title":{"rendered":"Incroyables Comestibles&#8230;fin de la p\u00e9riode hivernale&#8230;"},"content":{"rendered":"<p><strong> Les Incroyables Comestibles<\/strong> : deux bacs construits pour accueillir les plantations !<br \/>\nCette ann\u00e9e, les Incroyables Comestibles vont prendre de l\u2019ampleur \u00e0 Lion sur Mer !<br \/>\nTrois espaces seront plant\u00e9s avec les classes de CP, CE1 et CE2 de l\u2019\u00e9cole \u00e9l\u00e9mentaire le lundi 23 avril. De nouveaux bacs de la commune seront disponibles dans la rue Edmond Bellin et au croisement de la Place Pasteur. Et enfin, deux bacs ont \u00e9t\u00e9 construits par Fran\u00e7ois Qu\u00e9r\u00e9 et assembl\u00e9s par quelques b\u00e9n\u00e9voles de Lion Environnement pour \u00eatre install\u00e9s dans la cour de l\u2019\u00e9cole et devant la pharmacie de Lion.<\/p>\n<p><img loading=\"lazy\" decoding=\"async\" class=\"alignnone wp-image-2104\" src=\"https:\/\/lion-environnement.org\/wp-content\/uploads\/2018\/04\/20180415_181149_net-225x300.jpg\" alt=\"\" width=\"191\" height=\"255\" srcset=\"https:\/\/lion-environnement.org\/wp-content\/uploads\/2018\/04\/20180415_181149_net-225x300.jpg 225w, https:\/\/lion-environnement.org\/wp-content\/uploads\/2018\/04\/20180415_181149_net-600x799.jpg 600w, https:\/\/lion-environnement.org\/wp-content\/uploads\/2018\/04\/20180415_181149_net.jpg 620w\" sizes=\"auto, (max-width: 191px) 100vw, 191px\" \/><img loading=\"lazy\" decoding=\"async\" class=\"alignnone wp-image-2106\" src=\"https:\/\/lion-environnement.org\/wp-content\/uploads\/2018\/04\/20180415_181336-net-225x300.jpg\" alt=\"\" width=\"192\" height=\"256\" srcset=\"https:\/\/lion-environnement.org\/wp-content\/uploads\/2018\/04\/20180415_181336-net-225x300.jpg 225w, https:\/\/lion-environnement.org\/wp-content\/uploads\/2018\/04\/20180415_181336-net-600x799.jpg 600w, https:\/\/lion-environnement.org\/wp-content\/uploads\/2018\/04\/20180415_181336-net.jpg 620w\" sizes=\"auto, (max-width: 192px) 100vw, 192px\" \/>\u00a0<img loading=\"lazy\" decoding=\"async\" class=\"alignnone wp-image-2105\" src=\"https:\/\/lion-environnement.org\/wp-content\/uploads\/2018\/04\/20180415_181244_net-225x300.jpg\" alt=\"\" width=\"192\" height=\"256\" srcset=\"https:\/\/lion-environnement.org\/wp-content\/uploads\/2018\/04\/20180415_181244_net-225x300.jpg 225w, https:\/\/lion-environnement.org\/wp-content\/uploads\/2018\/04\/20180415_181244_net-600x799.jpg 600w, https:\/\/lion-environnement.org\/wp-content\/uploads\/2018\/04\/20180415_181244_net.jpg 620w\" sizes=\"auto, (max-width: 192px) 100vw, 192px\" \/><\/p>\n<p>assemblage,\u00a0 \u00a0 \u00a0 \u00a0 \u00a0 \u00a0 \u00a0 \u00a0 \u00a0 \u00a0 \u00a0 \u00a0 \u00a0 \u00a0 \u00a0 \u00a0 \u00a0peinture,\u00a0 \u00a0 \u00a0 \u00a0 \u00a0 \u00a0 \u00a0 \u00a0 \u00a0 \u00a0 \u00a0 \u00a0 \u00a0 \u00a0 \u00a0 \u00a0 \u00a0 \u00a0 et voil\u00e0, fini !!!!!<\/p>\n<p>La plantation des bacs aura lieu le <strong>dimanche 13 mai \u00e0 10h30<\/strong> !<\/p>\n<p>D\u2019ici l\u00e0, nous comptons sur vous pour pr\u00e9parer quelques plants que vous pourrez planter avec nous le 13 Mai !<br \/>\nUn grand merci \u00e0 Fran\u00e7ois et Yves Quere pour la r\u00e9alisation de ces beaux bacs !<\/p>\n<div class=\"yj6qo\"><\/div>\n","protected":false},"excerpt":{"rendered":"<p>Les Incroyables Comestibles : deux bacs construits pour accueillir les plantations ! Cette ann\u00e9e, les Incroyables Comestibles vont prendre de l\u2019ampleur \u00e0 Lion sur Mer ! Trois espaces seront plant\u00e9s avec les classes de CP, CE1 et CE2 de l\u2019\u00e9cole \u00e9l\u00e9mentaire le lundi 23 avril. De nouveaux bacs de la commune seront disponibles dans la\u2026<\/p>\n","protected":false},"author":2,"featured_media":0,"comment_status":"closed","ping_status":"closed","sticky":false,"template":"","format":"standard","meta":{"footnotes":""},"categories":[28,12],"tags":[],"class_list":["post-2102","post","type-post","status-publish","format-standard","hentry","category-incroyable-comestibles","category-projets"],"_wp_attached_file":null,"_wp_attachment_metadata":null,"_menu_item_type":null,"_menu_item_menu_item_parent":null,"_menu_item_object_id":null,"_menu_item_object":null,"_menu_item_target":null,"_menu_item_classes":null,"_menu_item_xfn":null,"_menu_item_url":null,"_eventorganiser_event_schedule":null,"_eventorganiser_schedule_until":null,"_wpas_done_all":null,"_eventorganiser_schedule_start_start":null,"_eventorganiser_schedule_start_finish":null,"_eventorganiser_schedule_last_start":null,"_eventorganiser_schedule_last_finish":null,"_wp_attachment_backup_sizes":null,"_wp_attachment_context":null,"event_address":null,"event_start_date":null,"event_to_time":null,"event_from_time":null,"event_end_date":null,"_oembed_7e6c0eb53f1b87dceeb7157df4c64ecd":null,"_oembed_ac860e2f1183d5fbf8efad3e14b2b998":null,"_oembed_2fa3d1dc2e72f2f3db15582a07766e9d":null,"_oembed_ba1f94dfef6f2f056282005c87e1dd1f":null,"_oembed_b4fa8c58de01621c3377349423193585":null,"_oembed_2c076515dc13114e0a07a701157042d8":null,"_oembed_time_2c076515dc13114e0a07a701157042d8":null,"_su_description":null,"_wp_attachment_is_custom_header":null,"_wp_attachment_custom_header_last_used_enigma":null,"_mc_event_shortcode":null,"_mc_event_access":null,"_mc_event_id":null,"_mc_event_desc":null,"_mc_event_image":null,"_event_time_label":null,"_mc_event_data":null,"_snap_forceSURL":null,"snap_MYURL":null,"snapEdIT":null,"_mc_event_location":null,"_oembed_cdb00187755a40067dfed1152b83fa85":null,"_oembed_2a2b1181a4872c3fcae632ccb831338e":null,"_oembed_223e8f80fcafbbb0e655c3b852ad258b":null,"_oembed_f2dbc4e0e03552dca3704dc9d3b35b81":null,"_oembed_0f31e9c8d775433415a564642134b876":null,"_oembed_37f37d6d5d0f763259b5f2d5c6698765":null,"_oembed_7d585094b05c3c88729a16a5d0b76382":null,"_oembed_49e3f6fef25f62658e66c1baa5716b3c":null,"_oembed_3bbcd6cd9ba0f8e8cead97d8bddbbbae":null,"_oembed_6107383b394908a78bf711554ae8a1e4":null,"_oembed_5d6a5ae5cd2e93d5022ed2485426fcf4":null,"_oembed_422f96ea83a4884539ceb42326a11ee5":null,"_oembed_ab6628735dc0e2101ba08ec87fcef1b7":null,"_oembed_75bd89488fe790d8e4f203396bb84c81":null,"_oembed_time_75bd89488fe790d8e4f203396bb84c81":null,"_oembed_c6d8784021cf1310fe080cd343275a5a":null,"_oembed_time_c6d8784021cf1310fe080cd343275a5a":null,"_wp_attachment_custom_header_last_used_greenigma":null,"_wp_attachment_is_custom_background":null,"enclosure":null,"_oembed_3bca2a21e398bc75f8a1b2ec60f88d23":null,"_oembed_25600d5f25f51af7be904b38ccae40ec":null,"_oembed_time_25600d5f25f51af7be904b38ccae40ec":null,"_mc_guid":null,"_mc4wp_settings":null,"text_subscribed":null,"text_invalid_email":null,"text_required_field_missing":null,"text_already_subscribed":null,"text_error":null,"text_unsubscribed":null,"text_not_subscribed":null,"text_no_lists_selected":null,"text_updated":null,"_bbp_reply_count_hidden":null,"_bbp_topic_count_hidden":null,"_bbp_total_topic_count":null,"_bbp_topic_count":null,"_bbp_total_reply_count":null,"_bbp_reply_count":null,"_bbp_forum_subforum_count":null,"_bbp_last_active_time":null,"user_registration_form_setting_default_user_role":null,"user_registration_form_setting_enable_strong_password":null,"user_registration_form_setting_minimum_password_strength":null,"user_registration_form_setting_form_submit_label":null,"user_registration_form_setting_enable_recaptcha_support":null,"user_registration_form_template":null,"user_registration_form_custom_class":null,"_oembed_ef95b2b98f04716f23e0a4eed7816e1b":null,"_oembed_time_ef95b2b98f04716f23e0a4eed7816e1b":null,"_wp_attachment_image_alt":null,"_mc_event_date":null,"_customize_changeset_uuid":null,"sg_popup_target":null,"sg_popup_events":null,"sg_popup_options":null,"_oembed_caf01abe71309dc253791159ac4336cb":null,"_sgpb_original":null,"sg_popup_events_preview":null,"sg_popup_options_preview":null,"sg_popup_target_preview":null,"user_registration_form_setting_redirect_options":null,"_oembed_10c4a1529e884332ff612b45feeae083":null,"_bbp_forum_id":null,"_bbp_last_topic_id":null,"_bbp_last_reply_id":null,"_bbp_last_active_id":null,"_form":null,"_mail":null,"_mail_2":null,"_messages":null,"_additional_settings":null,"_locale":null,"_elementor_css":null,"_menu_sgpb_popup_id":null,"_oembed_bbc07775835a27fca3dab6de0a78c453":null,"cmplz_tc_document_status":null,"_oembed_a8eea5673581fdb5da3c215c1676eaf2":null,"_oembed_time_a8eea5673581fdb5da3c215c1676eaf2":null,"_bbp_forum_type":null,"_bbp_status":null,"_bbp_total_reply_count_hidden":null,"_wp_page_template":null,"_edit_last":"1559","_edit_lock":"1549526336:1559","_su_rich_snippet_type":"none","xyz_fbap":"1","xyz_fbap_insert_og":"0","_thumbnail_id":null,"_jetpack_dont_email_post_to_subs":null,"_su_title":null,"_cmplz_scanned_post":null,"xyz_fbap_future_to_publish":null,"_wp_old_slug":null,"_wp_old_date":null,"cmplz_hide_cookiebanner":null,"_elementor_template_type":null,"_elementor_edit_mode":null,"_elementor_data":null,"_elementor_version":null,"_elementor_controls_usage":null,"classic-editor-remember":null,"_wp_trash_meta_status":null,"_wp_trash_meta_time":null,"_wp_desired_post_slug":null,"yoast_head":"<!-- This site is optimized with the Yoast SEO plugin v27.4 - https:\/\/yoast.com\/product\/yoast-seo-wordpress\/ -->\n<title>Incroyables Comestibles...fin de la p\u00e9riode hivernale... - Lion Environnement<\/title>\n<meta name=\"robots\" content=\"index, follow, max-snippet:-1, max-image-preview:large, max-video-preview:-1\" \/>\n<link rel=\"canonical\" href=\"https:\/\/lion-environnement.org\/index.php\/2018\/04\/19\/incroyables-comestibles-fin-de-la-periode-hivernale\/\" \/>\n<meta property=\"og:locale\" content=\"fr_FR\" \/>\n<meta property=\"og:type\" content=\"article\" \/>\n<meta property=\"og:title\" content=\"Incroyables Comestibles...fin de la p\u00e9riode hivernale... - Lion Environnement\" \/>\n<meta property=\"og:description\" content=\"Les Incroyables Comestibles : deux bacs construits pour accueillir les plantations ! Cette ann\u00e9e, les Incroyables Comestibles vont prendre de l\u2019ampleur \u00e0 Lion sur Mer ! Trois espaces seront plant\u00e9s avec les classes de CP, CE1 et CE2 de l\u2019\u00e9cole \u00e9l\u00e9mentaire le lundi 23 avril. De nouveaux bacs de la commune seront disponibles dans la\u2026\" \/>\n<meta property=\"og:url\" content=\"https:\/\/lion-environnement.org\/index.php\/2018\/04\/19\/incroyables-comestibles-fin-de-la-periode-hivernale\/\" \/>\n<meta property=\"og:site_name\" content=\"Lion Environnement\" \/>\n<meta property=\"article:publisher\" content=\"https:\/\/www.facebook.com\/LionEnvironnement\/?locale=fr_FR\" \/>\n<meta property=\"article:published_time\" content=\"2018-04-19T20:58:05+00:00\" \/>\n<meta property=\"article:modified_time\" content=\"2019-02-07T07:58:56+00:00\" \/>\n<meta property=\"og:image\" content=\"https:\/\/lion-environnement.org\/wp-content\/uploads\/2018\/04\/20180415_181149_net.jpg\" \/>\n\t<meta property=\"og:image:width\" content=\"620\" \/>\n\t<meta property=\"og:image:height\" content=\"826\" \/>\n\t<meta property=\"og:image:type\" content=\"image\/jpeg\" \/>\n<meta name=\"author\" content=\"Bruno de Larminat\" \/>\n<meta name=\"twitter:card\" content=\"summary_large_image\" \/>\n<meta name=\"twitter:label1\" content=\"\u00c9crit par\" \/>\n\t<meta name=\"twitter:data1\" content=\"Bruno de Larminat\" \/>\n\t<meta name=\"twitter:label2\" content=\"Dur\u00e9e de lecture estim\u00e9e\" \/>\n\t<meta name=\"twitter:data2\" content=\"1 minute\" \/>\n<script type=\"application\/ld+json\" class=\"yoast-schema-graph\">{\"@context\":\"https:\\\/\\\/schema.org\",\"@graph\":[{\"@type\":\"Article\",\"@id\":\"https:\\\/\\\/lion-environnement.org\\\/index.php\\\/2018\\\/04\\\/19\\\/incroyables-comestibles-fin-de-la-periode-hivernale\\\/#article\",\"isPartOf\":{\"@id\":\"https:\\\/\\\/lion-environnement.org\\\/index.php\\\/2018\\\/04\\\/19\\\/incroyables-comestibles-fin-de-la-periode-hivernale\\\/\"},\"author\":{\"name\":\"Bruno de Larminat\",\"@id\":\"https:\\\/\\\/lion-environnement.org\\\/#\\\/schema\\\/person\\\/ca64d04ccb2dcd1d56adad3c1d335b40\"},\"headline\":\"Incroyables Comestibles&#8230;fin de la p\u00e9riode hivernale&#8230;\",\"datePublished\":\"2018-04-19T20:58:05+00:00\",\"dateModified\":\"2019-02-07T07:58:56+00:00\",\"mainEntityOfPage\":{\"@id\":\"https:\\\/\\\/lion-environnement.org\\\/index.php\\\/2018\\\/04\\\/19\\\/incroyables-comestibles-fin-de-la-periode-hivernale\\\/\"},\"wordCount\":163,\"publisher\":{\"@id\":\"https:\\\/\\\/lion-environnement.org\\\/#organization\"},\"image\":{\"@id\":\"https:\\\/\\\/lion-environnement.org\\\/index.php\\\/2018\\\/04\\\/19\\\/incroyables-comestibles-fin-de-la-periode-hivernale\\\/#primaryimage\"},\"thumbnailUrl\":\"https:\\\/\\\/lion-environnement.org\\\/wp-content\\\/uploads\\\/2018\\\/04\\\/20180415_181149_net-225x300.jpg\",\"articleSection\":[\"Incroyables comestibles\",\"projets\"],\"inLanguage\":\"fr-FR\"},{\"@type\":\"WebPage\",\"@id\":\"https:\\\/\\\/lion-environnement.org\\\/index.php\\\/2018\\\/04\\\/19\\\/incroyables-comestibles-fin-de-la-periode-hivernale\\\/\",\"url\":\"https:\\\/\\\/lion-environnement.org\\\/index.php\\\/2018\\\/04\\\/19\\\/incroyables-comestibles-fin-de-la-periode-hivernale\\\/\",\"name\":\"Incroyables Comestibles...fin de la p\u00e9riode hivernale... - Lion Environnement\",\"isPartOf\":{\"@id\":\"https:\\\/\\\/lion-environnement.org\\\/#website\"},\"primaryImageOfPage\":{\"@id\":\"https:\\\/\\\/lion-environnement.org\\\/index.php\\\/2018\\\/04\\\/19\\\/incroyables-comestibles-fin-de-la-periode-hivernale\\\/#primaryimage\"},\"image\":{\"@id\":\"https:\\\/\\\/lion-environnement.org\\\/index.php\\\/2018\\\/04\\\/19\\\/incroyables-comestibles-fin-de-la-periode-hivernale\\\/#primaryimage\"},\"thumbnailUrl\":\"https:\\\/\\\/lion-environnement.org\\\/wp-content\\\/uploads\\\/2018\\\/04\\\/20180415_181149_net-225x300.jpg\",\"datePublished\":\"2018-04-19T20:58:05+00:00\",\"dateModified\":\"2019-02-07T07:58:56+00:00\",\"breadcrumb\":{\"@id\":\"https:\\\/\\\/lion-environnement.org\\\/index.php\\\/2018\\\/04\\\/19\\\/incroyables-comestibles-fin-de-la-periode-hivernale\\\/#breadcrumb\"},\"inLanguage\":\"fr-FR\",\"potentialAction\":[{\"@type\":\"ReadAction\",\"target\":[\"https:\\\/\\\/lion-environnement.org\\\/index.php\\\/2018\\\/04\\\/19\\\/incroyables-comestibles-fin-de-la-periode-hivernale\\\/\"]}]},{\"@type\":\"ImageObject\",\"inLanguage\":\"fr-FR\",\"@id\":\"https:\\\/\\\/lion-environnement.org\\\/index.php\\\/2018\\\/04\\\/19\\\/incroyables-comestibles-fin-de-la-periode-hivernale\\\/#primaryimage\",\"url\":\"https:\\\/\\\/lion-environnement.org\\\/wp-content\\\/uploads\\\/2018\\\/04\\\/20180415_181149_net.jpg\",\"contentUrl\":\"https:\\\/\\\/lion-environnement.org\\\/wp-content\\\/uploads\\\/2018\\\/04\\\/20180415_181149_net.jpg\",\"width\":620,\"height\":826},{\"@type\":\"BreadcrumbList\",\"@id\":\"https:\\\/\\\/lion-environnement.org\\\/index.php\\\/2018\\\/04\\\/19\\\/incroyables-comestibles-fin-de-la-periode-hivernale\\\/#breadcrumb\",\"itemListElement\":[{\"@type\":\"ListItem\",\"position\":1,\"name\":\"Accueil\",\"item\":\"https:\\\/\\\/lion-environnement.org\\\/\"},{\"@type\":\"ListItem\",\"position\":2,\"name\":\"Incroyables Comestibles&#8230;fin de la p\u00e9riode hivernale&#8230;\"}]},{\"@type\":\"WebSite\",\"@id\":\"https:\\\/\\\/lion-environnement.org\\\/#website\",\"url\":\"https:\\\/\\\/lion-environnement.org\\\/\",\"name\":\"Lion Environnement\",\"description\":\"Lions nos \u00e9nergies pour pr\u00e9server l&#039;environnement et la sant\u00e9\",\"publisher\":{\"@id\":\"https:\\\/\\\/lion-environnement.org\\\/#organization\"},\"potentialAction\":[{\"@type\":\"SearchAction\",\"target\":{\"@type\":\"EntryPoint\",\"urlTemplate\":\"https:\\\/\\\/lion-environnement.org\\\/?s={search_term_string}\"},\"query-input\":{\"@type\":\"PropertyValueSpecification\",\"valueRequired\":true,\"valueName\":\"search_term_string\"}}],\"inLanguage\":\"fr-FR\"},{\"@type\":\"Organization\",\"@id\":\"https:\\\/\\\/lion-environnement.org\\\/#organization\",\"name\":\"Lion Environnement\",\"url\":\"https:\\\/\\\/lion-environnement.org\\\/\",\"logo\":{\"@type\":\"ImageObject\",\"inLanguage\":\"fr-FR\",\"@id\":\"https:\\\/\\\/lion-environnement.org\\\/#\\\/schema\\\/logo\\\/image\\\/\",\"url\":\"https:\\\/\\\/lion-environnement.org\\\/wp-content\\\/uploads\\\/2016\\\/04\\\/logoLElongWeb-1.jpg\",\"contentUrl\":\"https:\\\/\\\/lion-environnement.org\\\/wp-content\\\/uploads\\\/2016\\\/04\\\/logoLElongWeb-1.jpg\",\"width\":487,\"height\":113,\"caption\":\"Lion Environnement\"},\"image\":{\"@id\":\"https:\\\/\\\/lion-environnement.org\\\/#\\\/schema\\\/logo\\\/image\\\/\"},\"sameAs\":[\"https:\\\/\\\/www.facebook.com\\\/LionEnvironnement\\\/?locale=fr_FR\",\"https:\\\/\\\/www.instagram.com\\\/environnementlion\"]},{\"@type\":\"Person\",\"@id\":\"https:\\\/\\\/lion-environnement.org\\\/#\\\/schema\\\/person\\\/ca64d04ccb2dcd1d56adad3c1d335b40\",\"name\":\"Bruno de Larminat\",\"image\":{\"@type\":\"ImageObject\",\"inLanguage\":\"fr-FR\",\"@id\":\"https:\\\/\\\/secure.gravatar.com\\\/avatar\\\/ff1dd6d1dda88eec25fdb4acb2d29290f31df52dd42fce7ea2e04a85e15ca06e?s=96&d=mm&r=g\",\"url\":\"https:\\\/\\\/secure.gravatar.com\\\/avatar\\\/ff1dd6d1dda88eec25fdb4acb2d29290f31df52dd42fce7ea2e04a85e15ca06e?s=96&d=mm&r=g\",\"contentUrl\":\"https:\\\/\\\/secure.gravatar.com\\\/avatar\\\/ff1dd6d1dda88eec25fdb4acb2d29290f31df52dd42fce7ea2e04a85e15ca06e?s=96&d=mm&r=g\",\"caption\":\"Bruno de Larminat\"},\"url\":\"https:\\\/\\\/lion-environnement.org\\\/index.php\\\/author\\\/lepresident\\\/\"}]}<\/script>\n<!-- \/ Yoast SEO plugin. -->","yoast_head_json":{"title":"Incroyables Comestibles...fin de la p\u00e9riode hivernale... - Lion Environnement","robots":{"index":"index","follow":"follow","max-snippet":"max-snippet:-1","max-image-preview":"max-image-preview:large","max-video-preview":"max-video-preview:-1"},"canonical":"https:\/\/lion-environnement.org\/index.php\/2018\/04\/19\/incroyables-comestibles-fin-de-la-periode-hivernale\/","og_locale":"fr_FR","og_type":"article","og_title":"Incroyables Comestibles...fin de la p\u00e9riode hivernale... - Lion Environnement","og_description":"Les Incroyables Comestibles : deux bacs construits pour accueillir les plantations ! Cette ann\u00e9e, les Incroyables Comestibles vont prendre de l\u2019ampleur \u00e0 Lion sur Mer ! Trois espaces seront plant\u00e9s avec les classes de CP, CE1 et CE2 de l\u2019\u00e9cole \u00e9l\u00e9mentaire le lundi 23 avril. De nouveaux bacs de la commune seront disponibles dans la\u2026","og_url":"https:\/\/lion-environnement.org\/index.php\/2018\/04\/19\/incroyables-comestibles-fin-de-la-periode-hivernale\/","og_site_name":"Lion Environnement","article_publisher":"https:\/\/www.facebook.com\/LionEnvironnement\/?locale=fr_FR","article_published_time":"2018-04-19T20:58:05+00:00","article_modified_time":"2019-02-07T07:58:56+00:00","og_image":[{"width":620,"height":826,"url":"https:\/\/lion-environnement.org\/wp-content\/uploads\/2018\/04\/20180415_181149_net.jpg","type":"image\/jpeg"}],"author":"Bruno de Larminat","twitter_card":"summary_large_image","twitter_misc":{"\u00c9crit par":"Bruno de Larminat","Dur\u00e9e de lecture estim\u00e9e":"1 minute"},"schema":{"@context":"https:\/\/schema.org","@graph":[{"@type":"Article","@id":"https:\/\/lion-environnement.org\/index.php\/2018\/04\/19\/incroyables-comestibles-fin-de-la-periode-hivernale\/#article","isPartOf":{"@id":"https:\/\/lion-environnement.org\/index.php\/2018\/04\/19\/incroyables-comestibles-fin-de-la-periode-hivernale\/"},"author":{"name":"Bruno de Larminat","@id":"https:\/\/lion-environnement.org\/#\/schema\/person\/ca64d04ccb2dcd1d56adad3c1d335b40"},"headline":"Incroyables Comestibles&#8230;fin de la p\u00e9riode hivernale&#8230;","datePublished":"2018-04-19T20:58:05+00:00","dateModified":"2019-02-07T07:58:56+00:00","mainEntityOfPage":{"@id":"https:\/\/lion-environnement.org\/index.php\/2018\/04\/19\/incroyables-comestibles-fin-de-la-periode-hivernale\/"},"wordCount":163,"publisher":{"@id":"https:\/\/lion-environnement.org\/#organization"},"image":{"@id":"https:\/\/lion-environnement.org\/index.php\/2018\/04\/19\/incroyables-comestibles-fin-de-la-periode-hivernale\/#primaryimage"},"thumbnailUrl":"https:\/\/lion-environnement.org\/wp-content\/uploads\/2018\/04\/20180415_181149_net-225x300.jpg","articleSection":["Incroyables comestibles","projets"],"inLanguage":"fr-FR"},{"@type":"WebPage","@id":"https:\/\/lion-environnement.org\/index.php\/2018\/04\/19\/incroyables-comestibles-fin-de-la-periode-hivernale\/","url":"https:\/\/lion-environnement.org\/index.php\/2018\/04\/19\/incroyables-comestibles-fin-de-la-periode-hivernale\/","name":"Incroyables Comestibles...fin de la p\u00e9riode hivernale... - Lion Environnement","isPartOf":{"@id":"https:\/\/lion-environnement.org\/#website"},"primaryImageOfPage":{"@id":"https:\/\/lion-environnement.org\/index.php\/2018\/04\/19\/incroyables-comestibles-fin-de-la-periode-hivernale\/#primaryimage"},"image":{"@id":"https:\/\/lion-environnement.org\/index.php\/2018\/04\/19\/incroyables-comestibles-fin-de-la-periode-hivernale\/#primaryimage"},"thumbnailUrl":"https:\/\/lion-environnement.org\/wp-content\/uploads\/2018\/04\/20180415_181149_net-225x300.jpg","datePublished":"2018-04-19T20:58:05+00:00","dateModified":"2019-02-07T07:58:56+00:00","breadcrumb":{"@id":"https:\/\/lion-environnement.org\/index.php\/2018\/04\/19\/incroyables-comestibles-fin-de-la-periode-hivernale\/#breadcrumb"},"inLanguage":"fr-FR","potentialAction":[{"@type":"ReadAction","target":["https:\/\/lion-environnement.org\/index.php\/2018\/04\/19\/incroyables-comestibles-fin-de-la-periode-hivernale\/"]}]},{"@type":"ImageObject","inLanguage":"fr-FR","@id":"https:\/\/lion-environnement.org\/index.php\/2018\/04\/19\/incroyables-comestibles-fin-de-la-periode-hivernale\/#primaryimage","url":"https:\/\/lion-environnement.org\/wp-content\/uploads\/2018\/04\/20180415_181149_net.jpg","contentUrl":"https:\/\/lion-environnement.org\/wp-content\/uploads\/2018\/04\/20180415_181149_net.jpg","width":620,"height":826},{"@type":"BreadcrumbList","@id":"https:\/\/lion-environnement.org\/index.php\/2018\/04\/19\/incroyables-comestibles-fin-de-la-periode-hivernale\/#breadcrumb","itemListElement":[{"@type":"ListItem","position":1,"name":"Accueil","item":"https:\/\/lion-environnement.org\/"},{"@type":"ListItem","position":2,"name":"Incroyables Comestibles&#8230;fin de la p\u00e9riode hivernale&#8230;"}]},{"@type":"WebSite","@id":"https:\/\/lion-environnement.org\/#website","url":"https:\/\/lion-environnement.org\/","name":"Lion Environnement","description":"Lions nos \u00e9nergies pour pr\u00e9server l&#039;environnement et la sant\u00e9","publisher":{"@id":"https:\/\/lion-environnement.org\/#organization"},"potentialAction":[{"@type":"SearchAction","target":{"@type":"EntryPoint","urlTemplate":"https:\/\/lion-environnement.org\/?s={search_term_string}"},"query-input":{"@type":"PropertyValueSpecification","valueRequired":true,"valueName":"search_term_string"}}],"inLanguage":"fr-FR"},{"@type":"Organization","@id":"https:\/\/lion-environnement.org\/#organization","name":"Lion Environnement","url":"https:\/\/lion-environnement.org\/","logo":{"@type":"ImageObject","inLanguage":"fr-FR","@id":"https:\/\/lion-environnement.org\/#\/schema\/logo\/image\/","url":"https:\/\/lion-environnement.org\/wp-content\/uploads\/2016\/04\/logoLElongWeb-1.jpg","contentUrl":"https:\/\/lion-environnement.org\/wp-content\/uploads\/2016\/04\/logoLElongWeb-1.jpg","width":487,"height":113,"caption":"Lion Environnement"},"image":{"@id":"https:\/\/lion-environnement.org\/#\/schema\/logo\/image\/"},"sameAs":["https:\/\/www.facebook.com\/LionEnvironnement\/?locale=fr_FR","https:\/\/www.instagram.com\/environnementlion"]},{"@type":"Person","@id":"https:\/\/lion-environnement.org\/#\/schema\/person\/ca64d04ccb2dcd1d56adad3c1d335b40","name":"Bruno de Larminat","image":{"@type":"ImageObject","inLanguage":"fr-FR","@id":"https:\/\/secure.gravatar.com\/avatar\/ff1dd6d1dda88eec25fdb4acb2d29290f31df52dd42fce7ea2e04a85e15ca06e?s=96&d=mm&r=g","url":"https:\/\/secure.gravatar.com\/avatar\/ff1dd6d1dda88eec25fdb4acb2d29290f31df52dd42fce7ea2e04a85e15ca06e?s=96&d=mm&r=g","contentUrl":"https:\/\/secure.gravatar.com\/avatar\/ff1dd6d1dda88eec25fdb4acb2d29290f31df52dd42fce7ea2e04a85e15ca06e?s=96&d=mm&r=g","caption":"Bruno de Larminat"},"url":"https:\/\/lion-environnement.org\/index.php\/author\/lepresident\/"}]}},"_links":{"self":[{"href":"https:\/\/lion-environnement.org\/index.php\/wp-json\/wp\/v2\/posts\/2102","targetHints":{"allow":["GET"]}}],"collection":[{"href":"https:\/\/lion-environnement.org\/index.php\/wp-json\/wp\/v2\/posts"}],"about":[{"href":"https:\/\/lion-environnement.org\/index.php\/wp-json\/wp\/v2\/types\/post"}],"author":[{"embeddable":true,"href":"https:\/\/lion-environnement.org\/index.php\/wp-json\/wp\/v2\/users\/2"}],"replies":[{"embeddable":true,"href":"https:\/\/lion-environnement.org\/index.php\/wp-json\/wp\/v2\/comments?post=2102"}],"version-history":[{"count":7,"href":"https:\/\/lion-environnement.org\/index.php\/wp-json\/wp\/v2\/posts\/2102\/revisions"}],"predecessor-version":[{"id":2112,"href":"https:\/\/lion-environnement.org\/index.php\/wp-json\/wp\/v2\/posts\/2102\/revisions\/2112"}],"wp:attachment":[{"href":"https:\/\/lion-environnement.org\/index.php\/wp-json\/wp\/v2\/media?parent=2102"}],"wp:term":[{"taxonomy":"category","embeddable":true,"href":"https:\/\/lion-environnement.org\/index.php\/wp-json\/wp\/v2\/categories?post=2102"},{"taxonomy":"post_tag","embeddable":true,"href":"https:\/\/lion-environnement.org\/index.php\/wp-json\/wp\/v2\/tags?post=2102"}],"curies":[{"name":"wp","href":"https:\/\/api.w.org\/{rel}","templated":true}]}}